{"id":7486,"date":"2012-12-28T13:52:20","date_gmt":"2012-12-28T16:52:20","guid":{"rendered":"https:\/\/screamyell.com.br\/blog\/2012\/12\/28\/download-o-livro-de-andre-midani\/"},"modified":"2015-03-26T10:27:02","modified_gmt":"2015-03-26T13:27:02","slug":"download-o-livro-de-andre-midani","status":"publish","type":"post","link":"https:\/\/www.screamyell.com.br\/blog\/2012\/12\/28\/download-o-livro-de-andre-midani\/","title":{"rendered":"Download: o livro de Andr\u00e9 Midani"},"content":{"rendered":"<p style=\"text-align: center\"><a href=\"http:\/\/www.andremidani.net\/2012\/03\/musica-idolos-e-poder.html\" target=\"_blank\"><img decoding=\"async\" src=\"https:\/\/screamyell.com.br\/blog\/wp-content\/uploads\/2012\/12\/andre.jpg\" alt=\"andre.jpg\" \/><\/a><\/p>\n<p>Menos de tr\u00eas meses ap\u00f3s seu lan\u00e7amento, o livro \u201cM\u00fasica, \u00cddolos e Poder: do vinil ao download\u201d, de Andr\u00e9 Midani, foi retirado das livrarias por ordem judicial. A fam\u00edlia de Enrique Lebendiger, ex-dono da RGE, exigiu que o livro fosse recolhido, pois Midani descreveu Lebendiger como uma &#8220;figura ex\u00f3tica que n\u00e3o tinha capacidade nem seriedade profissional para acompanhar a carreira de um profissional do calibre de Chico Buarque&#8221;.<\/p>\n<p>A editora Nova Fronteira tentou um acordo com a fam\u00edlia de Lebendiger, mas o processo culminou na censura do livro. Andr\u00e9 Midani, por sua vez, criou um site e disponibilizou gratuitamente \u201cM\u00fasica, \u00cddolos e Poder&#8221; para download. \u201cPodem ler&#8230; Podem baixar&#8230; Podem fazer o que quiserem, se quiserem, quando quiserem\u201d, escreveu. O livro foi primeiro disponibilizado por cap\u00edtulos, mas agora j\u00e1 se encontra em um arquivo \u00fanico para download.<\/p>\n<p>Andr\u00e9 Midani \u00e9 um dos nomes mais importantes da ind\u00fastria fonogr\u00e1fica brasileira dos anos 60 aos 90. Quando crian\u00e7a, esteve na Normandia em 1945 durante o desembarque das tropas aliadas no famoso \u201cDia D\u201d. Depois veio ao Brasil, quando come\u00e7ou a trabalhar com m\u00fasica (oficio que ele j\u00e1 seguia em Paris antes de baixar na Am\u00e9rica do Sul) e se envolveu com a Bossa Nova, com a Tropic\u00e1lia e com os maiores nomes da m\u00fasica brasileira no per\u00edodo.<\/p>\n<p>Uma policial mexicana, de posse de seus documentos, certa vez comentou: \u201cUma pessoa nascida na S\u00edria, com passaporte brasileiro, que mora em Nova York, que vem de Medel\u00edm e passa pelo M\u00e9xico, que diz trabalhar com m\u00fasica, e que fala espanhol com sotaque franc\u00eas&#8230; n\u00e3o pode ser uma pessoa confi\u00e1vel!\u201d. Como define Zuenir Ventura na introdu\u00e7\u00e3o o livro, \u201cDo vinil ao MP3\u201d \u00e9 uma esp\u00e9cie de Google da MPB moderna.<\/p>\n<p align=\"center\"><strong>Download: <a href=\"http:\/\/www.andremidani.net\/2012\/03\/musica-idolos-e-poder.html\" target=\"_blank\">http:\/\/www.andremidani.net\/<\/a><\/strong><\/p>\n<p>Ps. Ainda vale citar a grande entrevista que Andr\u00e9 Midani concedeu \u00e0 Folha de S\u00e3o Paulo em 2003 falando abertamente sobre jab\u00e1 e explicando o caso Abril Music, que praticamente sepultou a m\u00fasica brasileira (leia a entrevista na integra <a href=\"http:\/\/www1.folha.uol.com.br\/folha\/ilustrada\/ult90u33266.shtml\" target=\"_blank\">aqui<\/a>). Voc\u00ea, que est\u00e1 terminando a faculdade e precisa de um tema para o seu projeto de conclus\u00e3o de curso (o TCC), tai uma bola quicando. \u00c9 s\u00f3 rolar para as redes.<\/p>\n<p>Ps2: em 2015, o livro virou um s\u00e9rie imperd\u00edvel da GNT. \u00c9 poss\u00edvel assistir online <a href=\"http:\/\/globosatplay.globo.com\/gnt\/andre-midani-do-vinil-ao-download\/\" target=\"_blank\">aqui<\/a>  (clientes NET, Now, GVT, Sky, Claro HDTV, Multiplay, Vivo e Globosat)<\/p>\n","protected":false},"excerpt":{"rendered":"<p>Menos de tr\u00eas meses ap\u00f3s seu lan\u00e7amento, o livro \u201cM\u00fasica, \u00cddolos e Poder: do vinil ao download\u201d, de Andr\u00e9 Midani, foi retirado das livrarias por ordem judicial. A fam\u00edlia de Enrique Lebendiger, ex-dono da RGE, exigiu que o livro fosse recolhido, pois Midani descreveu Lebendiger como uma &#8220;figura ex\u00f3tica que n\u00e3o tinha capacidade nem seriedade [&hellip;]<\/p>\n","protected":false},"author":2,"featured_media":0,"comment_status":"open","ping_status":"open","sticky":false,"template":"","format":"standard","meta":[],"categories":[15,5,3],"tags":[],"_links":{"self":[{"href":"https:\/\/www.screamyell.com.br\/blog\/wp-json\/wp\/v2\/posts\/7486"}],"collection":[{"href":"https:\/\/www.screamyell.com.br\/blog\/wp-json\/wp\/v2\/posts"}],"about":[{"href":"https:\/\/www.screamyell.com.br\/blog\/wp-json\/wp\/v2\/types\/post"}],"author":[{"embeddable":true,"href":"https:\/\/www.screamyell.com.br\/blog\/wp-json\/wp\/v2\/users\/2"}],"replies":[{"embeddable":true,"href":"https:\/\/www.screamyell.com.br\/blog\/wp-json\/wp\/v2\/comments?post=7486"}],"version-history":[{"count":0,"href":"https:\/\/www.screamyell.com.br\/blog\/wp-json\/wp\/v2\/posts\/7486\/revisions"}],"wp:attachment":[{"href":"https:\/\/www.screamyell.com.br\/blog\/wp-json\/wp\/v2\/media?parent=7486"}],"wp:term":[{"taxonomy":"category","embeddable":true,"href":"https:\/\/www.screamyell.com.br\/blog\/wp-json\/wp\/v2\/categories?post=7486"},{"taxonomy":"post_tag","embeddable":true,"href":"https:\/\/www.screamyell.com.br\/blog\/wp-json\/wp\/v2\/tags?post=7486"}],"curies":[{"name":"wp","href":"https:\/\/api.w.org\/{rel}","templated":true}]}}