{"id":733,"date":"2008-07-26T08:03:27","date_gmt":"2008-07-26T11:03:27","guid":{"rendered":"https:\/\/screamyell.com.br\/blog\/2008\/07\/26\/bebendo-voll-damm\/"},"modified":"2009-11-09T14:39:24","modified_gmt":"2009-11-09T17:39:24","slug":"bebendo-voll-damm","status":"publish","type":"post","link":"https:\/\/www.screamyell.com.br\/blog\/2008\/07\/26\/bebendo-voll-damm\/","title":{"rendered":"Voll-Damm, Reina Sofia e Thyssen-Bornemisza"},"content":{"rendered":"<p style=\"text-align: center\"><a target=\"_blank\" href=\"http:\/\/www.flickr.com\/photos\/maccosta\/2702850353\/in\/set-72157606160294681\/\"><img decoding=\"async\" src=\"https:\/\/screamyell.com.br\/blog\/wp-content\/uploads\/2009\/11\/plazasofia.jpg\" alt=\"Plaza Sofia, em Madri\" \/><\/a><\/p>\n<p>Eu tinha terminado o pen\u00faltimo e-mail dizendo que eu iria beber em homenagem a &#8220;La Maja Desnuda&#8221;, certo. Fiz bem. Encontrei a Voll-Damm, que pelo r\u00f3tulo acho que \u00e9 espanhola, de Barcelona, e patrocina\u00a0o festival de jazz da cidade. O r\u00f3tulo ainda\u00a0diz que ela ganhou o pr\u00eamio de melhor cerveza strong lager do mundo em 2007 no World Beer Awards. 7,2%. Bebi duas latinhas e comecei a sorrir \u00e0 toa.<\/p>\n<p>Comprei mais duas, um pacote\u00a0com umas 200 gramas de\u00a0salame, pao e fui pro albergue fazer um lanche. Passo pela cozinha e ouco um &#8220;uai, s\u00f4&#8221;. Dois mineiros apaixonados por m\u00fasica sertaneja papeavam por l\u00e1. Fizemos amizade, chegou um casal carioca, e veio o convite dos mineiros: &#8220;A gente vai encontrar umas belgas na Plaza do Sol depois cair pra balada. Vamo ae?&#8221;. Era s\u00f3 o que eu estava esperando.<\/p>\n<p>Encontramos as belgas, e o irmao de uma delas, na Plaza do Sol, ficamos quase uma hora papeando, quando um guia reuniu a turma para o lance todo, que funcionava mais ou menos assim: voce paga 10 euros, e eles te levam em tr\u00eas bares\/baladas, e em cada um voce ganha uma bebida. Por fim, te jogam em uma balada balada mesmo, e te deixam l\u00e1 fervendo. Achei cool e fico devendo fotos pois minha digital \u00e9 daquelas grandes demais pra balada.<\/p>\n<p>Nesta hora a turma de brasileiros j\u00e1 tinha aumentado, com uma garota que mora em Berlim, e mais um casal, que acabou se separando em seguida. Chegamos no primeiro bar, ganhamos uma sangria e um vale bebida: dois cocktais por 10 euros. Sacum\u00e9 brasileiro, n\u00e9: dispensamos o vale e achamos em frente a parada um bar que vendia Mahou, uma das minhas cervejas Top 5, por 1 euro a latinha de 500 ml. Comecou o estrago.<\/p>\n<p>No primeiro bar, assim que entramos comecou a rolar &#8220;Take Me Out&#8221;, do Franz, e suspirei aliviado. Na sequencia veio &#8220;Song 2&#8221;, e quando comecou &#8220;Wonderwall&#8221; percebi que o DJ era qualquer coisa. E foi dai pra baixo, com Fergie, Black Eyed Peas e o escambau. Lembrei da Laura falando para o Rob: &#8220;E ai, voc\u00ea gostou da pessoas, n\u00e9. Vai l\u00e1 olhar a colecao de discos deles&#8221; (risos). Turma legal, clima bom, m\u00fasica ruim, relaxei.<\/p>\n<p>No segundo bar ganhamos um shot de Tequila, que sempre me derruba. Assim, o bar estava lotado, ou entao ficou lotado assim que chegou a turma da caminhada. S\u00f3 turistas, inclusive alguns espanh\u00f3is de outras regioes (num esquema &#8220;Paulista vai a baile funk no Rio&#8221;, manja).\u00a0A coisa toda comecou a ferver. Morenas comecaram a dancar at\u00e9 o chao para ingleses e alemaes sedentos. Comecei a achar estranho.<\/p>\n<p>O casal carioca, que tinha provado cogumelo em Amsterda (&#8220;Eles vendem numa bandejinha, junto com os baseados. Tem cinco categorias diferentes. Provamos o mexicano, mais fraquinho, e rimos a tarde toda&#8221;, comentaram tanto que at\u00e9 deu vontade), j\u00e1 estava altinho. A garota de Berlim tinha sumido. Os mineiros nem chegaram a vir. Quando deu duas da manha, tomei o rumo de casa.<\/p>\n<p>Ainda encontrei os mineiros na Plaza de Sol, mas a cama estava me chamando. Acordei cedinho com uma pontadinha de ressaca, pensando: &#8220;Entrego\u00a0a Rainha Sofia por uma coca-cola!&#8221;. Sai para um caf\u00e9 com o j\u00e1 tradicional mixto com jamon, queso e huevo (t\u00f4 viciando nisso) e uma coca de 200ml, que eu matei sem respirar. Depois sentei no sol vendo cachorrinhos espriguicarem, antes de ver o &#8220;Guernica&#8221;.<\/p>\n<p>O Reina Sofia impressionou. Como colecao, gostei muito mais do Sofia do que do Prado. Por\u00e9m, o Reina Sofia \u00e9 uma desordem. Nas primeiras salas, a posicao da luz \u00e9 tao errada que atrapalha a visao dos quadros. E, o que mais me incomodou, nao h\u00e1 um isolamente ac\u00fastico entre v\u00eddeos e telas. Tive que ver o &#8220;Guernica&#8221; ouvindo o \u00e1udio do filme &#8220;Canciones Para Despues de Una Guerra&#8221;, de Basilio Mart\u00edn Patino, exposto duas salas depois.<\/p>\n<p>Fiquei extremamente contrariado e mesmo que seja intencional, \u00e9 uma intencao pra l\u00e1 de idiota. Voc\u00ea nao consegue &#8220;mergulhar&#8221; no quadro com uma barulheira daquelas. Bem, desabafo feito. A\u00a0colecao do Reina Sofia \u00e9 especializada na arte espanhola do s\u00e9culo XX e XXI, mas traz boas surpresas de fora tamb\u00e9m. A divisao das salas obedece um esquema tem\u00e1tico e cronol\u00f3gico, o que funciona muito bem.<\/p>\n<p>Nas salas 1 e 2, retratos e paisagens; nas salas 3, 4 e 5, cubismo; na sala 6, 7, 8 e 9, o contexto de &#8220;Guernica&#8221;, e nas seguintes, Surrealismo.\u00a0Adorei &#8220;Muchacha en la Ventana&#8221; (<a target=\"_blank\" href=\"http:\/\/www.artcyclopedia.com\/images\/PhilMusArt-Dali-Figure.jpg\">aqui<\/a>), &#8220;Autoretrato Cubista&#8221; (<a target=\"_blank\" href=\"http:\/\/www.museoreinasofia.es\/museoreinasofia\/live\/coleccion\/obras\/autorretratocubista.html\">aqui<\/a>)\u00a0, &#8220;Gran Arlequ\u00edn y Peque\u00f1a Botella de Ron&#8221; (<a target=\"_blank\" href=\"http:\/\/www.museoreinasofia.es\/museoreinasofia\/live\/coleccion\/obras\/granarlequin.html\">aqui<\/a>)\u00a0e &#8220;El Gran Masturbador&#8221; (<a target=\"_blank\" href=\"http:\/\/www.museoreinasofia.es\/museoreinasofia\/live\/coleccion\/obras\/granmasturbador.html\">aqui<\/a>), todos de Salvador Dali, &#8220;La Fabrica Dormida&#8221;, de Daniel Vazquez Dias (<a target=\"_blank\" href=\"http:\/\/www.museoreinasofia.es\/museoreinasofia\/live\/coleccion\/obras\/fabricadormida.html\">aqui<\/a>), &#8220;La Chimenea&#8221;, de Diego Rivera, e &#8220;Valencia&#8221;, foto de Cartier-Bresson (<a target=\"_blank\" href=\"http:\/\/www.elpais.com\/fotogaleria\/Percepciones\/Itinerario\/Selectivo\/Museo\/Reina\/Sofia\/3938-5\/elpgal\/\">aqui<\/a>).<\/p>\n<p style=\"text-align: center\"><a target=\"_blank\" href=\"http:\/\/checkinaddicts.files.wordpress.com\/2008\/05\/guernica1.jpg\"><img decoding=\"async\" loading=\"lazy\" width=\"450\" src=\"https:\/\/screamyell.com.br\/blog\/wp-content\/uploads\/2008\/07\/guernica.jpg\" height=\"261\" style=\"width: 450px; height: 261px\" \/><\/a><\/p>\n<p>O museu ainda conta com obras de Magritte, Mir\u00f3, Le Corbusier e muitos outros, mas nao tem jeito, &#8220;Guernica&#8221; faz voce esquecer tudo a sua volta. A enorme tela ocupa a sala 6 do Reina Sofia. Nao existe uma linha no chao que delimite o quao perto voce pode chegar, entao toda hora soa o alarme (mais um defeito do museu) com pessoas a mais de dois metros da obra. Mesmo com todos os problemas estruturais do museu, a obra reluz e encanta.<\/p>\n<p>&#8220;Guernica&#8221; mede 350 por 782cm e foi pintado por Picasso entre maio e junho de 1937, especialmente para a\u00a0Exposi\u00e7\u00e3o Internacional de Paris. Em abril de 1937, no auge da guerra civil espanhola,\u00a0os alemaes bombardearam a cidade de Guernica em apoio as forcas nacionalistas do ditador Francisco Franco. O ataque e a destruicao da cidade basca causou revolta internacional, e Picasso desenhou o quadro buscando retratar a dor e a barbarie da guerra.<\/p>\n<p style=\"text-align: center\"><img decoding=\"async\" loading=\"lazy\" width=\"450\" src=\"https:\/\/screamyell.com.br\/blog\/wp-content\/uploads\/2008\/07\/picasso_cabeza.jpg\" height=\"316\" style=\"width: 450px; height: 316px\" \/><\/p>\n<p>Nas duas salas anexas a sala 6 em que est\u00e1 &#8220;Guernica&#8221;, esbocos permitem que o visitante acompanhe o \u00e1rduo trabalho de Picasso em compor o quadro antes (ele fez oito versoes at\u00e9 chegar a versao final) e depois (existem v\u00e1rios postscriptum). Pequenas (e bel\u00edssimas) telas retratam a ag\u00f4nia do cavalo , que tomou a posicao central do quadro na versao final. A mae desesperada segurando o beb\u00ea morto tamb\u00e9m recebeu v\u00e1rios estudos, assim como o soldado morto com o punhal quebrado nas maos.<\/p>\n<p>Se fiquei tr\u00eas horas dentro do Reino Sofia, uma hora e meia, f\u00e1cil, &#8220;gastei&#8221; com &#8220;Guernica&#8221;. E, ok,\u00a0uns 25 minutos com Bunuel. Peguei numa sala o trecho\u00a0final de &#8220;Lage D&#8217;or&#8221; e\u00a0os 16 minutos de &#8220;Un Chien Andalou&#8221; na seq\u00fc\u00eancia, afinal, (re)ver Bunuel em telao \u00e9 uma oportunidade rara que nao pode ser desperdicada. Nunca. Para fechar o roteiro de museus fodacos de Madri, s\u00f3 faltava bater cartao no Thyssen-Bornemisza, entao comprei mais uma coca-cola e vamo que vamo.<\/p>\n<p>O Thyssen \u00e9 o mais variado dos tr\u00eas museus, contendo desde pinturas medievais at\u00e9 pop-art. Isso facilita demais a visita, pois vou te contar que ap\u00f3s tr\u00eas salas de cubismo e surrealismo voc\u00ea j\u00e1 est\u00e1 vendo tudo torto, quebrado e disforme. Cansa a visao apesar da\u00a0beleza das obras. No Thyssen, por\u00e9m, h\u00e1 muito retrato, paisagem e natureza morta, coisas que nao me conquistam tanto. Por\u00e9m, sempre tem coisas que valem a pena.<\/p>\n<p style=\"text-align: center\"><a target=\"_blank\" href=\"http:\/\/www.museothyssen.org\/thyssen\/img\/obra372\/1982.26_500_600.jpg\"><img decoding=\"async\" loading=\"lazy\" width=\"450\" src=\"https:\/\/screamyell.com.br\/blog\/wp-content\/uploads\/2008\/07\/lacasagris.jpg\" height=\"413\" style=\"width: 450px; height: 413px\" \/><\/a><\/p>\n<p>Na minha listinha de preferidos, &#8220;La Matanza de Los Inocentes&#8221;, de Valkenborch (<a target=\"_blank\" href=\"http:\/\/www.museothyssen.org\/thyssen\/coleccion\/ficha900.htm\">aqui<\/a>), &#8220;Retrato de Una Joven&#8221;, de Bordone (<a target=\"_blank\" href=\"http:\/\/www.museothyssen.org\/thyssen\/coleccion\/obras_ficha_zoom593.html\">aqui<\/a>), &#8220;El Rapto de Europa&#8221;, de Vouet (<a target=\"_blank\" href=\"http:\/\/www.museothyssen.org\/thyssen\/coleccion\/obras_ficha_zoom912.html\">aqui<\/a>), &#8220;Venus Y Marte&#8221;, de Saraceni (<a target=\"_blank\" href=\"http:\/\/www.museothyssen.org\/thyssen\/coleccion\/obras_ficha_zoom15.html\">aqui<\/a>), &#8220;Vendedora Veneciana de Cebollas&#8221;, de\u00a0Sargent (<a target=\"_blank\" href=\"http:\/\/www.museothyssen.org\/thyssen\/accesible\/coleccion\/obras_ficha_zoom530.html\">aqui<\/a>), &#8220;La Casa Gris&#8221;, de Chagall (imagem acima), &#8220;Sue\u00f1o causado por el vuelo de una abeja alrededor de una granada un segundo antes del despertar&#8221;, de Dali (<a target=\"_blank\" href=\"http:\/\/www.museothyssen.org\/thyssen\/accesible\/coleccion\/obras_ficha_zoom388.html\">aqui<\/a>) e &#8220;Portrait of George Dyer in a Mirror&#8221;, de Bacon (<a target=\"_blank\" href=\"http:\/\/www.museothyssen.org\/thyssen_ing\/coleccion\/obras_ficha_zoom354.html\">aqui<\/a>).<\/p>\n<p>O Thyssen nao \u00e9\u00a0tao lotado quanto o Prado e nem tampouco baguncado como o Reina Sofia. E apesar de conter obras de Picasso, Magritte, Monet, Renoir, Degas e Van Gogh, a minha tela preferida, aquela que fiquei uns bons quinze minutos sentado apreciando foi&#8230;&#8221;Quarto de Hotel&#8221;, de Hopper (abaixo), uma delicada tela de 1931 que flagra a melancolia e a solidao de uma jovem sozinha em um quarto. Bem, tenho que arrumar as malas e, meia-noite, ir para o aeroporto. Agora, s\u00f3 de Paris. Nada de l\u00e1grimas ao deixar a Espanha, espero&#8230;<\/p>\n<p style=\"text-align: center\"><a target=\"_blank\" href=\"http:\/\/www.ibiblio.org\/wm\/paint\/auth\/hopper\/interior\/hopper.hotel-room.jpg\"><img decoding=\"async\" loading=\"lazy\" width=\"450\" src=\"https:\/\/screamyell.com.br\/blog\/wp-content\/uploads\/2008\/07\/hotelroom.jpg\" height=\"410\" style=\"width: 450px; height: 410px\" \/><\/a><\/p>\n","protected":false},"excerpt":{"rendered":"<p>Eu tinha terminado o pen\u00faltimo e-mail dizendo que eu iria beber em homenagem a &#8220;La Maja Desnuda&#8221;, certo. Fiz bem. Encontrei a Voll-Damm, que pelo r\u00f3tulo acho que \u00e9 espanhola, de Barcelona, e patrocina\u00a0o festival de jazz da cidade. O r\u00f3tulo ainda\u00a0diz que ela ganhou o pr\u00eamio de melhor cerveza strong lager do mundo em [&hellip;]<\/p>\n","protected":false},"author":1,"featured_media":0,"comment_status":"open","ping_status":"open","sticky":false,"template":"","format":"standard","meta":[],"categories":[20],"tags":[],"_links":{"self":[{"href":"https:\/\/www.screamyell.com.br\/blog\/wp-json\/wp\/v2\/posts\/733"}],"collection":[{"href":"https:\/\/www.screamyell.com.br\/blog\/wp-json\/wp\/v2\/posts"}],"about":[{"href":"https:\/\/www.screamyell.com.br\/blog\/wp-json\/wp\/v2\/types\/post"}],"author":[{"embeddable":true,"href":"https:\/\/www.screamyell.com.br\/blog\/wp-json\/wp\/v2\/users\/1"}],"replies":[{"embeddable":true,"href":"https:\/\/www.screamyell.com.br\/blog\/wp-json\/wp\/v2\/comments?post=733"}],"version-history":[{"count":0,"href":"https:\/\/www.screamyell.com.br\/blog\/wp-json\/wp\/v2\/posts\/733\/revisions"}],"wp:attachment":[{"href":"https:\/\/www.screamyell.com.br\/blog\/wp-json\/wp\/v2\/media?parent=733"}],"wp:term":[{"taxonomy":"category","embeddable":true,"href":"https:\/\/www.screamyell.com.br\/blog\/wp-json\/wp\/v2\/categories?post=733"},{"taxonomy":"post_tag","embeddable":true,"href":"https:\/\/www.screamyell.com.br\/blog\/wp-json\/wp\/v2\/tags?post=733"}],"curies":[{"name":"wp","href":"https:\/\/api.w.org\/{rel}","templated":true}]}}