{"id":717,"date":"2008-07-23T05:47:27","date_gmt":"2008-07-23T08:47:27","guid":{"rendered":"https:\/\/screamyell.com.br\/blog\/2008\/07\/23\/e-as-ferias-comecaram\/"},"modified":"2009-11-09T14:58:50","modified_gmt":"2009-11-09T17:58:50","slug":"e-as-ferias-comecaram","status":"publish","type":"post","link":"https:\/\/www.screamyell.com.br\/blog\/2008\/07\/23\/e-as-ferias-comecaram\/","title":{"rendered":"E as f\u00e9rias comecaram&#8230;"},"content":{"rendered":"<p style=\"text-align: center\"><a target=\"_blank\" href=\"http:\/\/www.flickr.com\/photos\/maccosta\/2695598573\/in\/set-72157606160294681\/\"><img decoding=\"async\" src=\"https:\/\/screamyell.com.br\/blog\/wp-content\/uploads\/2009\/11\/malaga2.jpg\" alt=\"malaga2.jpg\" \/><\/a><\/p>\n<p>Na teoria, as f\u00e9rias comecaram ontem. Acordei descansado, andei de chinelos na praia de M\u00e1laga, caminhei horrores pela cidade e quase comi uma paella. Quase, mas nao tenho coragem. Na pr\u00e1tica, s\u00f3 encaro os shows que esbarrarem em mim em Paris e Londres. Nada de Tom Waits em Dublin nem de Leonard Cohen em Roma (Carlos, eu cogitei), pois j\u00e1 fiz as contas e a grana est\u00e1 contada. Como era de se esperar, gastei mais do que devia, claro, mas est\u00e1 tudo sob controle. D\u00e1 para ver algo sem se deslocar muito. Ou de graca. E olhe l\u00e1.<\/p>\n<p>Definitivamente, a Espanha \u00e9 a minha cara. Amei M\u00e1laga tamb\u00e9m, mas preciso dizer que esse sol constante de 30 graus est\u00e1 castigando a minha pele branca. J\u00e1 estou quase terminando um frasco de protetor solar, e isso nunca tinha acontecido comigo. A cidade \u00e9 uma graca. Traz tracos romanos e foi territ\u00f3rio fen\u00edcio no s\u00e9culo VIII. H\u00e1 escavacoes de um teatro romano (do s\u00e9culo I depois de Cristo) no meio da cidade, e debaixo do Museu Picasso h\u00e1 ru\u00ednas de construcoes fen\u00edcias e romanas. A cidade \u00e9 uma graca, com um centro bonito e bo\u00eamio, e uma igreja tao imensa que toda populacao da cidade deve caber dentro dela.<\/p>\n<p>Isso tudo fora o Castelo de Gibralfaro, que fica no alto da cidade, data do s\u00e9culo XIV, e brilha todas as noites sob a luz da lua. De dentro dele \u00e9 poss\u00edvel ter uam vista maravilhosa da cidade, da Plaza de Toros abaixo e at\u00e9 de montanhas do estreito de Gibraltar. Ali\u00e1s, lembra que eu tinha deixado um dia vago para pensar em ir a Gibraltar ou Sevilha? Desisti. Muito peso pra carregar. O problema \u00e9 que o albergue que estou nao tem mais vaga, e estou indo pra outro agora, mais no centro da cidade.<\/p>\n<p>Tamb\u00e9m passei pelo Museu Picasso, o primeiro museu da viagem. Como devo voltar para uma viagem mais leve e sem tantos festivais no ano que vem com a Lili (quem sabe o Fib), e sei que ela ir\u00e1 querer ir a muitos museus e que vamos ter um belo tour arquitet\u00f4nico pelas cidades, estou focando em outras coisas. Mas como nao devemos vir a M\u00e1laga, passei no Museu do filho famoso da cidade para dar risada com suas obras hilarias. E tem uma exposicao de fotos sobre o artista que achei bem bacana.<\/p>\n<p>A parte cubista tem coisas sensacionais &#8211; e divertidas &#8211; como &#8220;A Mulher com Bracos Levantados&#8221; (1936) e &#8220;A Mulher Desnuda com Gato&#8221; (1964).\u00a0 Das\u00a0minhas preferidas, duas:\u00a0&#8220;Claude em Marron e Branco&#8221; (1950) e &#8220;Menina com sua Boneca&#8221; (1952). \u00c9 poss\u00edvel ver a maioria da colecao no site oficial do Museu Picasso M\u00e1laga (<a target=\"_blank\" href=\"http:\/\/www.museopicassomalaga.org\/\">aqui<\/a>). Ainda quero ver o &#8220;Guernica&#8221; em Madri e\u00a0passar um dia inteiro\u00a0no Louvre, vamos ver. Agora sao 10h aqui, 5h no Brasil. Sol forte. Vou trocar de albergue agora, voltar pra praia e conferir a agenda de shows em Paris de 27 a 30 de julho, e Londres de 01 a 06 de agosto. Passagens devidamente compradas. \ud83d\ude42<\/p>\n<p>Cervejas<\/p>\n<p>01- Duvel (B\u00e9lgica) 8,5%<br \/>\n02- Leffe (B\u00e9lgica) 6,5%<br \/>\n03- Voll-Damm (Espanha) 7,2%<br \/>\n04- Mahou (Espanha) 5,5%<br \/>\n05- Kostriker (Alemanha) 4,9%<br \/>\n06- Orval (B\u00e9lgica) 6,2%<br \/>\n07- Amstel (Espanha) 5,0%<br \/>\n08- San Miguel (Espanha) 5,0%<br \/>\n09- CruzCampo (Espanha) 4,8%<br \/>\n10- Tennents (Esc\u00f3cia) 4,5%<\/p>\n<p>Cidades<br \/>\n01- Barcelona (Espanha)<br \/>\n02- Leuven (B\u00e9lgica)<br \/>\n03- Berlim (Alemanha)<br \/>\n04- M\u00e1laga (Espanha)<br \/>\n05- Glasgow (Esc\u00f3cia), Bruxelas (B\u00e9lgica) e Bournemouth (Inglaterra)<\/p>\n<p>Shows<\/p>\n<p>01- Leonard Cohen (Benic\u00e0ssim)<br \/>\n02- Radiohead (Berlim)<br \/>\n03- Lou Reed (M\u00e1laga)<br \/>\n04- Morrissey (Benic\u00e0ssim)<br \/>\n05- R.E.M. (T In The Park)<br \/>\n06- Pogues (T In The Park)<br \/>\n07- Sigur Ros (Benic\u00e0ssim)<br \/>\n08- Neil Young (Werchter)<br \/>\n09- The National (Werchter)<br \/>\n10- Spiritualized (Benicasim)<br \/>\n11- Grinderman (Werchter)<br \/>\n12- Vampire Weekend (Werchter)<br \/>\n13- American Music Club (Benic\u00e0ssim)<br \/>\n14- Raconteurs (Benic\u00e0ssim)<br \/>\n15- The Hives (Werchter)<br \/>\n16- Babyshambles (Benic\u00e0ssim)<br \/>\n17- British Sea Power (T In The Park)<br \/>\n18- Richard Hawley (Benic\u00e0ssim)<br \/>\n19- Sons and Daughters (T In The Park)\u00a0<br \/>\n20- The Verve (Werchter), Gossip (Werchter), Nada Surf (Benic\u00e0ssim), Ben Folds (Wertcher), The Kills (Benic\u00e0ssim), The Ting Tings (T In The Park)<\/p>\n<p style=\"text-align: center\"><a target=\"_blank\" href=\"http:\/\/www.flickr.com\/photos\/maccosta\/2691600295\/in\/set-72157606160294681\/\"><img decoding=\"async\" src=\"https:\/\/screamyell.com.br\/blog\/wp-content\/uploads\/2009\/11\/malaga.jpg\" alt=\"malaga.jpg\" \/><\/a><\/p>\n<p style=\"text-align: center\">Fotos da viagem e dos shows:<br \/>\n<a href=\"http:\/\/www.flickr.com\/photos\/maccosta\"><strong><font color=\"#c3c8d9\">http:\/\/www.flickr.com\/photos\/maccosta<\/font><\/strong><\/a><\/p>\n","protected":false},"excerpt":{"rendered":"<p>Na teoria, as f\u00e9rias comecaram ontem. Acordei descansado, andei de chinelos na praia de M\u00e1laga, caminhei horrores pela cidade e quase comi uma paella. Quase, mas nao tenho coragem. Na pr\u00e1tica, s\u00f3 encaro os shows que esbarrarem em mim em Paris e Londres. Nada de Tom Waits em Dublin nem de Leonard Cohen em Roma [&hellip;]<\/p>\n","protected":false},"author":1,"featured_media":0,"comment_status":"open","ping_status":"open","sticky":false,"template":"","format":"standard","meta":[],"categories":[20],"tags":[],"_links":{"self":[{"href":"https:\/\/www.screamyell.com.br\/blog\/wp-json\/wp\/v2\/posts\/717"}],"collection":[{"href":"https:\/\/www.screamyell.com.br\/blog\/wp-json\/wp\/v2\/posts"}],"about":[{"href":"https:\/\/www.screamyell.com.br\/blog\/wp-json\/wp\/v2\/types\/post"}],"author":[{"embeddable":true,"href":"https:\/\/www.screamyell.com.br\/blog\/wp-json\/wp\/v2\/users\/1"}],"replies":[{"embeddable":true,"href":"https:\/\/www.screamyell.com.br\/blog\/wp-json\/wp\/v2\/comments?post=717"}],"version-history":[{"count":0,"href":"https:\/\/www.screamyell.com.br\/blog\/wp-json\/wp\/v2\/posts\/717\/revisions"}],"wp:attachment":[{"href":"https:\/\/www.screamyell.com.br\/blog\/wp-json\/wp\/v2\/media?parent=717"}],"wp:term":[{"taxonomy":"category","embeddable":true,"href":"https:\/\/www.screamyell.com.br\/blog\/wp-json\/wp\/v2\/categories?post=717"},{"taxonomy":"post_tag","embeddable":true,"href":"https:\/\/www.screamyell.com.br\/blog\/wp-json\/wp\/v2\/tags?post=717"}],"curies":[{"name":"wp","href":"https:\/\/api.w.org\/{rel}","templated":true}]}}