{"id":6799,"date":"2012-08-19T23:58:32","date_gmt":"2012-08-20T02:58:32","guid":{"rendered":"https:\/\/screamyell.com.br\/blog\/2012\/08\/19\/supercordas-no-sesc-belenzinho\/"},"modified":"2012-08-20T00:55:55","modified_gmt":"2012-08-20T03:55:55","slug":"supercordas-no-sesc-belenzinho","status":"publish","type":"post","link":"https:\/\/www.screamyell.com.br\/blog\/2012\/08\/19\/supercordas-no-sesc-belenzinho\/","title":{"rendered":"Show: Supercordas no Sesc Belenzinho"},"content":{"rendered":"<p style=\"text-align: center\"><img decoding=\"async\" src=\"https:\/\/screamyell.com.br\/blog\/wp-content\/uploads\/2012\/08\/supercordas1.jpg\" alt=\"supercordas1.jpg\" \/><br \/>\n<em>Fotos: <a href=\"http:\/\/www.flickr.com\/photos\/lilianecallegari\/sets\/72157631149607838\/with\/7818946028\/\" target=\"_blank\">Liliane Callegari <\/a><\/em><\/p>\n<p>Seis longos anos se passaram, e uma por\u00e7\u00e3o de indies velhos (\u201cindie v\u00e9io\u201d, como diria um amigo) marcou presen\u00e7a numa noite bonita de s\u00e1bado no Teatro do Sesc Belenzinho para presenciar o renascimento do Supercordas. Muita coisa aconteceu no cen\u00e1rio nacional desde que o grupo lan\u00e7ou o grande \u201cSeres Verdes ao Redor\u201d, em 2006, e tudo pelo que a banda passou desde ent\u00e3o (das alegrias as alergias) esteve presente no palco do Sesc.<\/p>\n<p>Ostentando um certo \u201cindie pride\u201d, o Supercordas tocou a integra de \u201cA M\u00e1gica Deriva dos Elefantes\u201d, rec\u00e9m-lan\u00e7ado disco (dispon\u00edvel para download gratuito no <a href=\"http:\/\/www.supercordas.org\/\" target=\"_blank\">http:\/\/www.supercordas.org\/<\/a>, sem concess\u00e3o a hits ou velhas can\u00e7\u00f5es durante o tempo normal do show. Quem ainda n\u00e3o tinha ouvido o \u00e1lbum \u2013 ou aqueles que n\u00e3o estavam acostumados ao novo disco \u2013 fez uma imers\u00e3o nas novas can\u00e7\u00f5es (o que tamb\u00e9m serviu pra banda tirar o peso de seis anos de suas pr\u00f3prias costas).<\/p>\n<p>Sob um belo trabalho de imagens, o repert\u00f3rio de \u201cA M\u00e1gica Deriva dos Elefantes\u201d mostrou que a banda voltou apegada a riffs fortes, mas algumas coisas pareceram fora de foco no show, a principal delas relativa \u00e0 sa\u00edda de uma das (tr\u00eas) guitarras da \u00faltima (e melhor) forma\u00e7\u00e3o da banda para a entrada de um tecladista, o que acabou congestionamento o meio dos arranjos e apagando o belo trabalho do guitarrista Filipe Giraknob.<\/p>\n<p>Alguns dos melhores momentos da noite aconteceram quando Pedro Bonifrate assumiu o viol\u00e3o e a gaita (expediente que ele j\u00e1 vinha usando muito bem em sua carreira solo), e o que o show e a nova forma\u00e7\u00e3o explicitam, mais do que encerrar um sil\u00eancio de seis anos, \u00e9 que \u201cA M\u00e1gica Deriva dos Elefantes\u201d soa como um disco necess\u00e1rio de transi\u00e7\u00e3o, um peso do qual a banda se livrou para voltar a pensar tranquilamente em seus pr\u00f3ximos passos.<\/p>\n<p>No bis, os f\u00e3s antigos foram presenteados com boas vers\u00f5es de \u201cDa \u00d3rbita de Um Sugador\u201d, (presente no EP \u201c<a href=\"http:\/\/www.screamyell.com.br\/musicadois\/resenha_supercordas_satelites.htm\" target=\"_blank\">Sat\u00e9lites de Bar<\/a>\u201d, de 2005) al\u00e9m da lind\u00edssima \u201c3000 Folhas\u201d (com Bonifrate no viol\u00e3o e gaita compensando com lirismo a falta \u2013 do peso \u2013 da segunda guitarra no crescendo da can\u00e7\u00e3o do \u00e1lbum &#8220;<a href=\"https:\/\/screamyell.com.br\/musicadois\/supercordas.htm\" target=\"_blank\">Seres Verdes ao Redor<\/a>&#8220;), mas v\u00e1rias outras grandes can\u00e7\u00f5es ficaram de fora, mostrando uma preocupa\u00e7\u00e3o do grupo em romper com o passado ao mesmo tempo em que deseja reafirmar o presente (e o futuro, que come\u00e7a a partir de agora).<\/p>\n<p>O Supercordas volta para S\u00e3o Paulo no dia 06 de setembro para tocar no Studio SP da Vila Madalena.\n<\/p>\n<p style=\"text-align: center\"><img decoding=\"async\" src=\"https:\/\/screamyell.com.br\/blog\/wp-content\/uploads\/2012\/08\/supercordas2.jpg\" alt=\"supercordas2.jpg\" \/><\/p>\n<p><strong>Veja tamb\u00e9m:<\/strong><br \/>\n&#8211; Download: \u201cA M\u00e1gica Deriva dos Elefantes\u201d, Supercordas (<a href=\"http:\/\/bandasupercordas.tumblr.com\/\" target=\"_blank\">aqui<\/a>)<br \/>\n&#8211; Tr\u00eas v\u00eddeos: Bonifrate ao vivo em S\u00e3o Paulo, por Mac (<a href=\"https:\/\/screamyell.com.br\/blog\/2011\/08\/04\/tres-videos-bonifrate-ao-vivo-em-sao-paulo\/\">aqui<\/a>)<\/p>\n","protected":false},"excerpt":{"rendered":"<p>Fotos: Liliane Callegari Seis longos anos se passaram, e uma por\u00e7\u00e3o de indies velhos (\u201cindie v\u00e9io\u201d, como diria um amigo) marcou presen\u00e7a numa noite bonita de s\u00e1bado no Teatro do Sesc Belenzinho para presenciar o renascimento do Supercordas. Muita coisa aconteceu no cen\u00e1rio nacional desde que o grupo lan\u00e7ou o grande \u201cSeres Verdes ao Redor\u201d, [&hellip;]<\/p>\n","protected":false},"author":2,"featured_media":0,"comment_status":"open","ping_status":"open","sticky":false,"template":"","format":"standard","meta":[],"categories":[3],"tags":[],"_links":{"self":[{"href":"https:\/\/www.screamyell.com.br\/blog\/wp-json\/wp\/v2\/posts\/6799"}],"collection":[{"href":"https:\/\/www.screamyell.com.br\/blog\/wp-json\/wp\/v2\/posts"}],"about":[{"href":"https:\/\/www.screamyell.com.br\/blog\/wp-json\/wp\/v2\/types\/post"}],"author":[{"embeddable":true,"href":"https:\/\/www.screamyell.com.br\/blog\/wp-json\/wp\/v2\/users\/2"}],"replies":[{"embeddable":true,"href":"https:\/\/www.screamyell.com.br\/blog\/wp-json\/wp\/v2\/comments?post=6799"}],"version-history":[{"count":0,"href":"https:\/\/www.screamyell.com.br\/blog\/wp-json\/wp\/v2\/posts\/6799\/revisions"}],"wp:attachment":[{"href":"https:\/\/www.screamyell.com.br\/blog\/wp-json\/wp\/v2\/media?parent=6799"}],"wp:term":[{"taxonomy":"category","embeddable":true,"href":"https:\/\/www.screamyell.com.br\/blog\/wp-json\/wp\/v2\/categories?post=6799"},{"taxonomy":"post_tag","embeddable":true,"href":"https:\/\/www.screamyell.com.br\/blog\/wp-json\/wp\/v2\/tags?post=6799"}],"curies":[{"name":"wp","href":"https:\/\/api.w.org\/{rel}","templated":true}]}}