{"id":6375,"date":"2012-06-02T06:26:29","date_gmt":"2012-06-02T09:26:29","guid":{"rendered":"https:\/\/screamyell.com.br\/blog\/2012\/06\/02\/werchter-boutique-a-preguica-e-o-epico\/"},"modified":"2012-06-03T10:24:11","modified_gmt":"2012-06-03T13:24:11","slug":"werchter-boutique-a-preguica-e-o-epico","status":"publish","type":"post","link":"https:\/\/www.screamyell.com.br\/blog\/2012\/06\/02\/werchter-boutique-a-preguica-e-o-epico\/","title":{"rendered":"Werchter Boutique: a pregui\u00e7a e o \u00e9pico"},"content":{"rendered":"<p style=\"text-align: center\">\u00a0<img decoding=\"async\" src=\"https:\/\/screamyell.com.br\/blog\/wp-content\/uploads\/2012\/06\/metallica.jpg\" alt=\"metallica.jpg\" \/><\/p>\n<p style=\"text-align: center\">\u00a0<em style=\"padding: 0px; margin: 0px; color: #333333; font-size: 13px; text-align: center\">Texto e fotos: Renato Moikano (@renato_moikano)<\/em><\/p>\n<p>A edi\u00e7\u00e3o 2012 do festival belga Werchter Boutique come\u00e7ou como apenas um show: Metallica em sua turn\u00ea de celebra\u00e7\u00e3o dos 20 anos do lan\u00e7amento do \u201cBlack Album\u201d, o disco que tirou o quarteto americano do hall de principais nomes do metal e transformou o grupo em uma das maiores bandas do mundo. Em meados de fevereiro novas bandas come\u00e7aram a pintar como coadjuvantes no festival. E em abril o line-up estava confirmad\u00edssimo com Ghost, Gojira, Channel Zero, Mastodon e \u2013 vejam s\u00f3 \u2013 Soundgarden.<\/p>\n<p>Bora sair do meu ref\u00fagio em Bruxelas rumo \u00e0 pacata (e relativamente pr\u00f3xima) Werchter. O festival estava marcado para as 13h, e o trajeto entre Bruxelas e Werchter foi bastante tranquilo e organizado. Um trem deixa a esta\u00e7\u00e3o ao norte da capital rumo a Leuven e o trajeto (em trens expressos) leva 15 minutos. Em trens urbanos, 45. Peguei o urbano mesmo para aprender o caminho para o aeroporto. Um trajeto que precisaria fazer na manh\u00e3 seguinte.<\/p>\n<p style=\"text-align: center\"><img decoding=\"async\" src=\"https:\/\/screamyell.com.br\/blog\/wp-content\/uploads\/2012\/06\/channel.jpg\" alt=\"channel.jpg\" \/><\/p>\n<p>Em Leuven, a comitiva de f\u00e3s com camisetas pretas e cabelos compridos era imensa. Diversas placas sinalizavam o local exato de embarque nos \u00f4nibus que fariam o trajeto entre Leuven e o local do show nas cercanias de Werchter. Mais 20 minutos de \u00f4nibus e voil\u00e0. Chegamos? Ainda n\u00e3o. Mais uma caminhada de 20 minutos e finalmente cheguei \u00e0 entrada.<\/p>\n<p>Na contra-m\u00e3o da tend\u00eancia, o Werchter Boutique conta com uma pista-vip que ocupa toda a frente do palco. Al\u00e9m desse setor, dentro da \u00e1rea vip havia o Snake Pit: um espa\u00e7o para cerca de 200 pessoas que ficava literalmente dentro do palco, em uma \u00e1rea delimitada por uma al\u00e7a em forma de U. O local faz refer\u00eancia \u00e0 turn\u00ea original de divulga\u00e7\u00e3o do \u201cBlack Album\u201d entre 1991 e 1993 quando o Snake Pit foi montado pela primeira vez.<\/p>\n<p style=\"text-align: center\"><img decoding=\"async\" src=\"https:\/\/screamyell.com.br\/blog\/wp-content\/uploads\/2012\/06\/metallica1.jpg\" alt=\"metallica1.jpg\" \/><\/p>\n<p>Pontualmente \u00e0s 13h, o Ghost iniciou sua apresenta\u00e7\u00e3o. Um goth metal sem sal que passaria completamente despercebido n\u00e3o fossem os trajes da banda que se apresenta em batinas cat\u00f3licas e rostos pintados como se fossem&#8230;fantasmas! Uau! Que original. Pr\u00f3ximo. Enquanto Gojira n\u00e3o entrava resolvi verificar como um metaleiro gourmet se sairia no festival. As op\u00e7\u00f5es eram bem \u00f3bvias: hotdog e o hamb\u00farguer mais sem vergonha que j\u00e1 comi na minha vida.<\/p>\n<p>Os pre\u00e7os eram relativamente normais para um festival. Uma cerveja J\u00fapiter (bem gelada, sempre), coca-cola, energ\u00e9tico ou \u00e1gua custava 1 Bon (a moeda do festival, equivalente a 2,50 euros). As comidas e sandu\u00edches saiam por 2 Bons. Um estande da Jack Daniels vendia bebidas a partir de 3 Bons. Todos os caixas aceitavam cart\u00e3o de cr\u00e9dito e euros. As barraquinhas de venda de merchandising oficial apenas grana viva.<\/p>\n<p style=\"text-align: center\"><img decoding=\"async\" src=\"https:\/\/screamyell.com.br\/blog\/wp-content\/uploads\/2012\/06\/mastodon.jpg\" alt=\"mastodon.jpg\" \/><\/p>\n<p>E tudo tinha fila. E grande. E ningu\u00e9m choramingava. Portanto, voc\u00ea, que vai a festivais no Brasil e acha que tudo \u00e9 desorganizado simplesmente porque tem fila, v\u00ea se larga m\u00e3o dessa s\u00edndrome de pangar\u00e9 de que tudo no Brasil \u00e9 pior. E lembre-se, tem fila porque voc\u00ea est\u00e1 num maldito festival com mais dezenas de milhares de pessoas, catzo.<\/p>\n<p>Eu tinha certa esperan\u00e7a que o Gojira me surpreendesse. Acho o som do grupo um pouco carente de punch, mas acreditava que a falta de um produtor bacana e competente poderia ter contribu\u00eddo para que os discos do grupo fossem meio fracotes. Empolga\u00e7\u00e3o n\u00e3o faltou, tentativas de contagiar o p\u00fablico tamb\u00e9m n\u00e3o. Mas faltou peso. O show se arrastou e s\u00f3 serviu pra me mostrar que o pr\u00f3ximo disco do grupo, \u201cL&#8217;Enfant Sauvage\u201d, deve ser apenas mais do mesmo.<\/p>\n<p style=\"text-align: center\"><img decoding=\"async\" src=\"https:\/\/screamyell.com.br\/blog\/wp-content\/uploads\/2012\/06\/mastodon1.jpg\" alt=\"mastodon1.jpg\" \/><\/p>\n<p>Channel Zero \u00e9 uma banda belga t\u00e3o farofa, mas t\u00e3o farofa, que faz o Papa Roach soar como Black Sabbath. Por tocar para seus compatriotas contaram com simpatia de grande parte da audi\u00eancia. Mas aqui, chegado, tem duas d\u00e9cadas de fuleiragem metaleira. N\u00e3o iam me comprar s\u00f3 porque todo mundo estava cantando junto. E n\u00e3o compraram. Culpa do vocalista que ainda n\u00e3o se decidiu se quer cantar ou fazer pose. Uma hora no palco e chega.<\/p>\n<p>Mastodon! Tentar resumir o show em uma palavra seria dif\u00edcil, mas em duas d\u00e1 pra tentar. Que tal: desgra\u00e7a e injusti\u00e7a? Desgra\u00e7a porque, bem o Mastodon n\u00e3o fala, ruje. Do in\u00edcio ao fim do show tudo que eles fazem \u00e9 despejar guitarrada em cima de voc\u00ea. Sem bom dia ou boa tarde, tocaram uma m\u00fasica atr\u00e1s da outra. J\u00e1 injusti\u00e7a vem do p\u00fablico que ignorou completamente o grupo. A desgraceira come\u00e7ou com \u201cBlack Tongue\u201d e \u201cCrystal Skull\u201d, e, ap\u00f3s dez rounds, terminou com \u201cBlood and Thunder\u201d e \u201cCreature Lives\u201d.<\/p>\n<p style=\"text-align: center\"><img decoding=\"async\" src=\"https:\/\/screamyell.com.br\/blog\/wp-content\/uploads\/2012\/06\/soundgarden.jpg\" alt=\"soundgarden.jpg\" \/><\/p>\n<p>Nada de lamentar, porque quase imediatamente come\u00e7ou o show do Soundgarden. Esse sim eu n\u00e3o via a hora. Eram quase 20h em Werchter e o sol ainda estava marcando presen\u00e7a e bronzeando as banhas belgas. E l\u00e1 vamos n\u00f3s. Mas n\u00e3o foi! O Soundgarden fez um dos shows mais pregui\u00e7osos que j\u00e1 vi na vida. Cada integrante distante entre si, Chris Cornell arrastando os vocais e tentativas in\u00fateis do baixista (aparentemente o \u00fanico feliz em estar ali).<\/p>\n<p>O t\u00e9dio musical fez com que \u201cOutshined\u201d, por exemplo, n\u00e3o sa\u00edsse da primeira marcha. E \u201cBlack Hole Sun\u201d contou com um erro grotesco de Cornnel ao tentar voltar ap\u00f3s o solo. Se era pra voltar desse jeito, confesso que preferia o insosso Chris Cornell em carreira solo fazendo shows sonolentos. Ainda assim estou ansioso para ver o show no Download Festival em Donninton Park, no pr\u00f3ximo domingo, dia 9 de junho. Se for igual, prometo transformar minha preciosa c\u00f3pia de \u201cBadmotorfinger\u201d em cortador de pizza.<\/p>\n<p style=\"text-align: center\"><img decoding=\"async\" src=\"https:\/\/screamyell.com.br\/blog\/wp-content\/uploads\/2012\/06\/soundgarden2.jpg\" alt=\"soundgarden2.jpg\" \/><\/p>\n<p>J\u00e1 o Metallica foi nada menos que \u00e9pico. O roteiro da turn\u00ea \u00e9 o seguinte: introdu\u00e7\u00e3o com a tradicional sequ\u00eancia do cemit\u00e9rio em \u201cThe Good, The Bad &amp; The Ugly\u201d, de Sergio Leone, com \u201cThe Ecstasy Of Gold\u201d (do mago Ennio Morricone). Em seguida a banda abre com \u201cHit the Lights\u201d (primeira faixa do primeiro disco que j\u00e1 completa 29 aninhos). Em seguida, \u201cMaster Of Puppets\u201d, \u201cRide The Lightning\u201d (executada pela primeira vez nesta turn\u00ea), \u201cFor Whom The Bells Tolls\u201d e \u201cHell and Back\u201d, sobra de \u201cDeath Magnetic\u201d (2008) lan\u00e7ada no EP de \u201cBeyond Magnetic\u201d (2011).<\/p>\n<p>Um intervalo e os tel\u00f5es come\u00e7am a exibir um breve clipe com cenas das grava\u00e7\u00f5es do \u201cBlack Album\u201d. Grande parte do material extra\u00eddo est\u00e1 no document\u00e1rio duplo \u201cA Year And A Half\u201d que acompanhou a grava\u00e7\u00e3o e a primeira perna da turn\u00ea em 1991. O clipe n\u00e3o economiza com v\u00e1rias imagens de Jason Newsted, ent\u00e3o baixista do grupo que deixou o Metallica de forma traum\u00e1tica antes da grava\u00e7\u00e3o de \u201cSt. Anger\u201d.<\/p>\n<p style=\"text-align: center\"><img decoding=\"async\" src=\"https:\/\/screamyell.com.br\/blog\/wp-content\/uploads\/2012\/06\/metallica2.jpg\" alt=\"metallica2.jpg\" \/><\/p>\n<p>A sequ\u00eancia de can\u00e7\u00f5es obedece a uma l\u00f3gica interessante: o disco \u00e9 executado de traz para frente. Ent\u00e3o, o fil\u00e9 mignon do show vem com \u201cThe Struggle Within\u201d, \u201cMy Friend of Misery\u201d, \u201cThe God That Failed\u201d, \u201cOf Wolf and Man\u201d, \u201cNothing Else Matters\u201d, \u201cThrough the Never\u201d, \u201cDon&#8217;t Tread on Me\u201d, \u201cWherever I May Roam\u201d, \u201cThe Unforgiven\u201d, \u201cHolier Than Thou\u201d, \u201cSad But True\u201d e \u201cEnter Sandman\u201d. No bis teve \u201cBattery\u201d, \u201cOne\u201d (com direito a nova ilumina\u00e7\u00e3o toda com lasers) e o tradicional encerramento com \u201cSeek &amp; Destroy\u201d. \u00c9pico!<\/p>\n<p>E a saga n\u00e3o terminou a\u00ed. Lembram que no post anterior eu ainda n\u00e3o tinha descolado uma passagem de volta para Bruxelas. Bom, imperou a brasilidade. Tapei o destino final do bilhete que eu tinha comprado e consegui me esgueirar no \u00faltimo trem para Bruxelas. Mas, hey, eu n\u00e3o me orgulho disso, hein&#8230;<\/p>\n<p style=\"text-align: center\"><img decoding=\"async\" src=\"https:\/\/screamyell.com.br\/blog\/wp-content\/uploads\/2012\/06\/metallica3.jpg\" alt=\"metallica3.jpg\" \/><\/p>\n","protected":false},"excerpt":{"rendered":"<p>\u00a0 \u00a0Texto e fotos: Renato Moikano (@renato_moikano) A edi\u00e7\u00e3o 2012 do festival belga Werchter Boutique come\u00e7ou como apenas um show: Metallica em sua turn\u00ea de celebra\u00e7\u00e3o dos 20 anos do lan\u00e7amento do \u201cBlack Album\u201d, o disco que tirou o quarteto americano do hall de principais nomes do metal e transformou o grupo em uma das [&hellip;]<\/p>\n","protected":false},"author":1,"featured_media":0,"comment_status":"open","ping_status":"open","sticky":false,"template":"","format":"standard","meta":[],"categories":[46],"tags":[],"_links":{"self":[{"href":"https:\/\/www.screamyell.com.br\/blog\/wp-json\/wp\/v2\/posts\/6375"}],"collection":[{"href":"https:\/\/www.screamyell.com.br\/blog\/wp-json\/wp\/v2\/posts"}],"about":[{"href":"https:\/\/www.screamyell.com.br\/blog\/wp-json\/wp\/v2\/types\/post"}],"author":[{"embeddable":true,"href":"https:\/\/www.screamyell.com.br\/blog\/wp-json\/wp\/v2\/users\/1"}],"replies":[{"embeddable":true,"href":"https:\/\/www.screamyell.com.br\/blog\/wp-json\/wp\/v2\/comments?post=6375"}],"version-history":[{"count":0,"href":"https:\/\/www.screamyell.com.br\/blog\/wp-json\/wp\/v2\/posts\/6375\/revisions"}],"wp:attachment":[{"href":"https:\/\/www.screamyell.com.br\/blog\/wp-json\/wp\/v2\/media?parent=6375"}],"wp:term":[{"taxonomy":"category","embeddable":true,"href":"https:\/\/www.screamyell.com.br\/blog\/wp-json\/wp\/v2\/categories?post=6375"},{"taxonomy":"post_tag","embeddable":true,"href":"https:\/\/www.screamyell.com.br\/blog\/wp-json\/wp\/v2\/tags?post=6375"}],"curies":[{"name":"wp","href":"https:\/\/api.w.org\/{rel}","templated":true}]}}