{"id":4365,"date":"2011-05-20T19:20:35","date_gmt":"2011-05-20T22:20:35","guid":{"rendered":"https:\/\/screamyell.com.br\/blog\/2011\/05\/20\/historias-do-ultraje-a-rigor\/"},"modified":"2011-05-22T00:14:27","modified_gmt":"2011-05-22T03:14:27","slug":"historias-do-ultraje-a-rigor","status":"publish","type":"post","link":"https:\/\/www.screamyell.com.br\/blog\/2011\/05\/20\/historias-do-ultraje-a-rigor\/","title":{"rendered":"Hist\u00f3rias do Ultraje a Rigor"},"content":{"rendered":"<p style=\"text-align: center\"><img decoding=\"async\" src=\"https:\/\/screamyell.com.br\/blog\/wp-content\/uploads\/2011\/05\/ultraje1.jpg\" alt=\"ultraje1.jpg\" \/><\/p>\n<p>Lembro como se fosse hoje. Outubro de 1985. Um garoto sonhador entrando em uma loja de discos para gastar parte de seu primeiro sal\u00e1rio em discos de vinil. O emprego, como aprendiz de escrit\u00f3rio, pagava \u201cHum mil e trezentos cruzados\u201d (est\u00e1 na carteira de trabalho), e entre outras coisas serviu para comprar cinco discos, entre eles, \u201cN\u00f3s Vamos Invadir Sua Praia\u201d, do Ultraje a Rigor.<\/p>\n<p>Corta para 2002. A primeira edi\u00e7\u00e3o da revista Zero est\u00e1 sendo burilada, e uma se\u00e7\u00e3o da revista atende pelo nome de Fundamental, nada mais do que a vers\u00e3o da Zero para a Discoteca B\u00e1sica da Bizz. Para fugir do \u00f3bvio escalando um disco dos Beatles ou dos Stones para figurar no n\u00famero 1 da revista, a sa\u00edda \u00e9 a seguinte: qual disco de rock nacional simboliza para o brasileiro o que um disco dos Beatles significa para um ingl\u00eas? O escolhido foi&#8230; \u201cN\u00f3s Vamos Invadir Sua Praia\u201d, texto assinado por mim.<\/p>\n<p>Outro corte, agora 2011. Recebo um convite para mediar um bate papo com a presen\u00e7a da autora da biografia do Ultraje, Andr\u00e9a Ascen\u00e7\u00e3o, e alguns integrantes da banda, que marca o lan\u00e7amento do livro \u201cN\u00f3s Vamos Invadir Sua Praia\u201d. O exemplar do livro chega em minhas m\u00e3os meio em cima da hora, mas a leitura (leve e gostosa) revela um excelente trabalho de pesquisa e entrevistas com diversas curiosidades que pegaram de surpresa at\u00e9 alguns integrantes da pr\u00f3pria banda.<\/p>\n<p style=\"text-align: center\"><img decoding=\"async\" src=\"https:\/\/screamyell.com.br\/blog\/wp-content\/uploads\/2011\/05\/ultraje3.jpg\" alt=\"ultraje3.jpg\" \/><\/p>\n<p>A mesa \u00e9 composta apenas por mim, Andr\u00e9a, Roger e Marcos Kleine, o atual guitarrista da banda, mas antes mesmo de come\u00e7ar o ex-baterista Leospa \u00e9 convocado para o papo. Durante a conversa ainda chegam Osvaldinho e Bacalhau. S\u00e3o mais de uma hora de hist\u00f3rias divertidas, curiosidades e muitas, mas muitas risadas. O \u00e1udio n\u00e3o est\u00e1 l\u00e1 aquela maravilha, mas quem quiser saber como foi o papo (boa sorte) pode baixar o arquivo <a href=\"http:\/\/www.mediafire.com\/?gf9lfctj4mtmu08\" target=\"_blank\">aqui<\/a>. O livro, via Editora Belas Letras, <a href=\"http:\/\/www.belasletras.com.br\/\" target=\"_blank\">j\u00e1 est\u00e1 nas lojas<\/a>.<\/p>\n<p>O saldo foi positivo \u2013 acredito. Gostei de como conduzi a conversa, de como toda coisa fluiu de forma divertida, e o que faltou ser dito (95%) est\u00e1 no livro. O papo, no entanto, me levou para um tempo em que tudo parecia&#8230; especial. Viver o rock nacional nos anos 80 em meio a uma abertura pol\u00edtica foi importante para toda aquela gera\u00e7\u00e3o. Foi importante para mim. E o Ultraje foi uma das bandas que melhor soube explorar esse vi\u00e9s hist\u00f3rico de forma humorada e an\u00e1rquica.<\/p>\n<p>Conduzir um papo com eles talvez seja uma forma de agradecer e\/ou retribuir um monte de coisas. Muitas vezes esquecemos que somos frutos do meio em que vivemos, influenciados n\u00e3o s\u00f3 pela gen\u00e9tica, mas tamb\u00e9m pelos amigos, pelos professores, pelas situa\u00e7\u00f5es do dia a dia, e pela cultura, seja um livro ou, nos anos 80 especialmente, o rock nacional. Lembro como se fosse hoje. Outubro de 1985. O Marcelo Costa dos anos seguintes come\u00e7ou a nascer ali&#8230;<\/p>\n<p style=\"text-align: center\"><img decoding=\"async\" src=\"https:\/\/screamyell.com.br\/blog\/wp-content\/uploads\/2011\/05\/ultraje2.jpg\" alt=\"ultraje2.jpg\" \/><\/p>\n<p>Ps. Obrigado Ana, pelo convite, e parab\u00e9ns Andr\u00e9a pelo livro. Um grande abra\u00e7o ao Ultraje.<\/p>\n","protected":false},"excerpt":{"rendered":"<p>Lembro como se fosse hoje. Outubro de 1985. Um garoto sonhador entrando em uma loja de discos para gastar parte de seu primeiro sal\u00e1rio em discos de vinil. O emprego, como aprendiz de escrit\u00f3rio, pagava \u201cHum mil e trezentos cruzados\u201d (est\u00e1 na carteira de trabalho), e entre outras coisas serviu para comprar cinco discos, entre [&hellip;]<\/p>\n","protected":false},"author":1,"featured_media":0,"comment_status":"open","ping_status":"open","sticky":false,"template":"","format":"standard","meta":[],"categories":[7],"tags":[],"_links":{"self":[{"href":"https:\/\/www.screamyell.com.br\/blog\/wp-json\/wp\/v2\/posts\/4365"}],"collection":[{"href":"https:\/\/www.screamyell.com.br\/blog\/wp-json\/wp\/v2\/posts"}],"about":[{"href":"https:\/\/www.screamyell.com.br\/blog\/wp-json\/wp\/v2\/types\/post"}],"author":[{"embeddable":true,"href":"https:\/\/www.screamyell.com.br\/blog\/wp-json\/wp\/v2\/users\/1"}],"replies":[{"embeddable":true,"href":"https:\/\/www.screamyell.com.br\/blog\/wp-json\/wp\/v2\/comments?post=4365"}],"version-history":[{"count":0,"href":"https:\/\/www.screamyell.com.br\/blog\/wp-json\/wp\/v2\/posts\/4365\/revisions"}],"wp:attachment":[{"href":"https:\/\/www.screamyell.com.br\/blog\/wp-json\/wp\/v2\/media?parent=4365"}],"wp:term":[{"taxonomy":"category","embeddable":true,"href":"https:\/\/www.screamyell.com.br\/blog\/wp-json\/wp\/v2\/categories?post=4365"},{"taxonomy":"post_tag","embeddable":true,"href":"https:\/\/www.screamyell.com.br\/blog\/wp-json\/wp\/v2\/tags?post=4365"}],"curies":[{"name":"wp","href":"https:\/\/api.w.org\/{rel}","templated":true}]}}