{"id":3011,"date":"2010-06-07T18:17:49","date_gmt":"2010-06-07T21:17:49","guid":{"rendered":"https:\/\/screamyell.com.br\/blog\/2010\/06\/07\/em-istambul-chuva\/"},"modified":"2010-06-08T03:57:11","modified_gmt":"2010-06-08T06:57:11","slug":"em-istambul-chuva","status":"publish","type":"post","link":"https:\/\/www.screamyell.com.br\/blog\/2010\/06\/07\/em-istambul-chuva\/","title":{"rendered":"Em Istambul, chuva"},"content":{"rendered":"<p style=\"text-align: center\"><a href=\"http:\/\/www.flickr.com\/photos\/maccosta\/4680071414\/\" target=\"_blank\"><img decoding=\"async\" src=\"https:\/\/screamyell.com.br\/blog\/wp-content\/uploads\/2010\/06\/istambul1.jpg\" alt=\"istambul1.jpg\" \/><\/a><\/p>\n<p>Ap\u00f3s tr\u00eas dias de sonho em Santorini, acho que poucos lugares no mundo poderiam manter o n\u00edvel de astral da ilha grega. Por acaso e sorte escolhemos um desses lugares para a pr\u00f3xima parada: Istambul, a cidade de 10 milh\u00f5es de habitantes dividida entre dois continentes (a Turquia tem 3% de sua \u00e1rea na Europa e os outros 97% na Asia), que um dia se chamou Biz\u00e2ncio (s\u00e9culo VII A.C.), depois Constantinopla (no ano 96), que \u00e9 Ocidente e Oriente ao mesmo tempo (ok, mais Oriente) e que surpreende de v\u00e1rias maneiras.<\/p>\n<p style=\"text-align: center\"><a href=\"http:\/\/www.flickr.com\/photos\/maccosta\/4679445503\/\" target=\"_blank\"><img decoding=\"async\" src=\"https:\/\/screamyell.com.br\/blog\/wp-content\/uploads\/2010\/06\/istambul5.jpg\" alt=\"istambul5.jpg\" \/><\/a><\/p>\n<p>Primeiro foi a chuva. Era uma garoa no meio da tarde quando chegamos, mas se transformou num baita p\u00e9 d&#8217;agua algumas horas depois (que lavou a alma e encharcou o t\u00eanis). Deu tempo de derrubar o queixo na surpreendente Mesquita Azul, considerada o \u00faltimo grande templo religioso Otomano. Ach\u00e1vamos que a encontrar\u00edamos fechada (nosso hostel \u00e9 praticamente a dois minutos dela), mas ela nos recebeu \u2013 descal\u00e7os, claro \u2013 e nos impressionou de modo intenso.<\/p>\n<p style=\"text-align: center\"><a href=\"http:\/\/www.flickr.com\/photos\/maccosta\/4680095460\/\" target=\"_blank\"><img decoding=\"async\" src=\"https:\/\/screamyell.com.br\/blog\/wp-content\/uploads\/2010\/06\/istambul2.jpg\" alt=\"istambul2.jpg\" \/><\/a><\/p>\n<p>Constru\u00edda entre 1609 e 1616, a Mesquita Azul tem 260 janelas, mais de 21 mil pe\u00e7as de azulejaria e centenas de metros de tapete que recebem os mu\u00e7ulmanos que aqui vem rezar (e os turistas, que ficam embasbacados com a obra de arte do arquiteto Mehmet Aga). O clima \u00e9 de paz e apenas alguns escritos retirados do Alcor\u00e3o fazem men\u00e7\u00e3o \u00e0 religi\u00e3o (ao contr\u00e1rio das igrejas cat\u00f3licas, lotadas de est\u00e1tuas, santos e pinturas que mais intimidam do que convidam a contempla\u00e7\u00e3o).<\/p>\n<p style=\"text-align: center\"><a href=\"http:\/\/www.flickr.com\/photos\/maccosta\/4679456221\/\" target=\"_blank\"><img decoding=\"async\" src=\"https:\/\/screamyell.com.br\/blog\/wp-content\/uploads\/2010\/06\/istambul4.jpg\" alt=\"istambul4.jpg\" \/><\/a><\/p>\n<p>Exatamente na sua frente, do outro lado da pra\u00e7a, est\u00e1 a Santa Sofia, constru\u00edda no ano de 573, e que ap\u00f3s ter sido uma Igreja e uma Mesquita passou a abrigar um museu (fechado \u00e0s segundas). Assim, temos uma agenda lotada para a ter\u00e7a, quarta e quinta. A id\u00e9ia \u00e9 visitar a Santa Sofia e a Cisterna Yerebatan na parte da manh\u00e3, e partir para o Grand Bazaar e para o Spicy Bazaar na parte da tarde\/noite. Quarta, se o sol sair, vamos navegar pelo B\u00f3sforo e visitar o Pal\u00e1cio Topkapi. E quinta temos a manh\u00e3 livre para ir atr\u00e1s de algo que faltou. Que o tempo melhore!<\/p>\n<p style=\"text-align: center\"><a href=\"http:\/\/www.flickr.com\/photos\/maccosta\/4679553295\/\" target=\"_blank\"><img decoding=\"async\" src=\"https:\/\/screamyell.com.br\/blog\/wp-content\/uploads\/2010\/06\/istambul3.jpg\" alt=\"istambul3.jpg\" \/><\/a><\/p>\n<p align=\"center\"><strong>Fotos da viagem:<\/strong><br \/>\n<a href=\"http:\/\/www.flickr.com\/photos\/maccosta\/\" target=\"_blank\">http:\/\/www.flickr.com\/photos\/maccosta\/<\/a><br \/>\n<a href=\"http:\/\/www.flickr.com\/photos\/lilianecallegari\/\" target=\"_blank\">http:\/\/www.flickr.com\/photos\/lilianecallegari\/<\/a><\/p>\n","protected":false},"excerpt":{"rendered":"<p>Ap\u00f3s tr\u00eas dias de sonho em Santorini, acho que poucos lugares no mundo poderiam manter o n\u00edvel de astral da ilha grega. Por acaso e sorte escolhemos um desses lugares para a pr\u00f3xima parada: Istambul, a cidade de 10 milh\u00f5es de habitantes dividida entre dois continentes (a Turquia tem 3% de sua \u00e1rea na Europa [&hellip;]<\/p>\n","protected":false},"author":1,"featured_media":0,"comment_status":"open","ping_status":"open","sticky":false,"template":"","format":"standard","meta":[],"categories":[40],"tags":[],"_links":{"self":[{"href":"https:\/\/www.screamyell.com.br\/blog\/wp-json\/wp\/v2\/posts\/3011"}],"collection":[{"href":"https:\/\/www.screamyell.com.br\/blog\/wp-json\/wp\/v2\/posts"}],"about":[{"href":"https:\/\/www.screamyell.com.br\/blog\/wp-json\/wp\/v2\/types\/post"}],"author":[{"embeddable":true,"href":"https:\/\/www.screamyell.com.br\/blog\/wp-json\/wp\/v2\/users\/1"}],"replies":[{"embeddable":true,"href":"https:\/\/www.screamyell.com.br\/blog\/wp-json\/wp\/v2\/comments?post=3011"}],"version-history":[{"count":0,"href":"https:\/\/www.screamyell.com.br\/blog\/wp-json\/wp\/v2\/posts\/3011\/revisions"}],"wp:attachment":[{"href":"https:\/\/www.screamyell.com.br\/blog\/wp-json\/wp\/v2\/media?parent=3011"}],"wp:term":[{"taxonomy":"category","embeddable":true,"href":"https:\/\/www.screamyell.com.br\/blog\/wp-json\/wp\/v2\/categories?post=3011"},{"taxonomy":"post_tag","embeddable":true,"href":"https:\/\/www.screamyell.com.br\/blog\/wp-json\/wp\/v2\/tags?post=3011"}],"curies":[{"name":"wp","href":"https:\/\/api.w.org\/{rel}","templated":true}]}}