{"id":2906,"date":"2010-05-29T23:05:03","date_gmt":"2010-05-30T02:05:03","guid":{"rendered":"https:\/\/screamyell.com.br\/blog\/2010\/05\/29\/uma-tarde-caminhando-no-el-raval\/"},"modified":"2010-05-29T23:05:03","modified_gmt":"2010-05-30T02:05:03","slug":"uma-tarde-caminhando-no-el-raval","status":"publish","type":"post","link":"https:\/\/www.screamyell.com.br\/blog\/2010\/05\/29\/uma-tarde-caminhando-no-el-raval\/","title":{"rendered":"Uma tarde caminhando no El Raval"},"content":{"rendered":"<p style=\"text-align: center\"><a href=\"http:\/\/www.flickr.com\/photos\/maccosta\/4649935607\/\" target=\"_blank\"><img decoding=\"async\" src=\"https:\/\/screamyell.com.br\/blog\/wp-content\/uploads\/2010\/05\/macba.jpg\" alt=\"macba.jpg\" \/><\/a><\/p>\n<p> Dois anos atr\u00e1s escrevi que uma das coisas legais do Festival de Benicassim \u00e9 que quando o festival n\u00e3o t\u00e1 rolando (tipo manh\u00e3 e come\u00e7o da tarde), a galera vai toda pra praia e bodeia. O mesmo n\u00e3o pode ser dito do Primavera Sound, por exemplo. As pernas est\u00e3o arrebentadas de dois dias insanos de festival (e ainda falta um), mas voc\u00ea est\u00e1 num dia de sol em Barcelona, uma das cidades mais lindas do mundo, e n\u00e3o tem como ficar no hotel de perna para o alto, n\u00e9. Ent\u00e3o, bora camelar.<\/p>\n<p style=\"text-align: center\"><a href=\"http:\/\/www.flickr.com\/photos\/lilianecallegari\/4651226194\/\" target=\"_blank\"><img decoding=\"async\" src=\"https:\/\/screamyell.com.br\/blog\/wp-content\/uploads\/2010\/05\/macba2.jpg\" alt=\"macba2.jpg\" \/><\/a><\/p>\n<p>O passeio arquitet\u00f4nico de Lili desta vez nos levou ao bairro El Raval, que antigamente abrigava os bord\u00e9is mais devassos da Europa, mas que &#8211; de 20 anos para c\u00e1 &#8211; vem passando por uma revitaliza\u00e7\u00e3o, que come\u00e7ou com a inaugura\u00e7\u00e3o, em 1995, do Macba, o Museu de Arte Contempor\u00e2nea de Barcelona, obra do arquiteto norte-americano Richard Meier, que criou um belo pr\u00e9dio branco no meio da paisagem colorida de corti\u00e7os de um dos bairros populares da cidade.<\/p>\n<p style=\"text-align: center\"><a href=\"http:\/\/www.flickr.com\/photos\/maccosta\/4649936961\/\" target=\"_blank\"><img decoding=\"async\" src=\"https:\/\/screamyell.com.br\/blog\/wp-content\/uploads\/2010\/05\/macba3.jpg\" alt=\"macba3.jpg\" \/><\/a><\/p>\n<p> A primeira lembran\u00e7a que tive foi do Centro Pompidou, em Paris, mas nada a ver com arquitetura, e sim com a ocupa\u00e7\u00e3o do lugar pelas pessoas. De que adianta fazer um museu ou uma pra\u00e7a que ningu\u00e9m usa \u2013 ainda mais em um bairro degradado. Assim como o museu franc\u00eas, o Macba virou ponto de encontro de estudantes, skatistas e trabalhadores da regi\u00e3o, que encontram-se frente a fachada para fazerem lanches, andar de skate, botecar e paquerar. E beber&#8230; orxata.<\/p>\n<p style=\"text-align: center\"><a href=\"http:\/\/www.flickr.com\/photos\/lilianecallegari\/4650616705\/\" target=\"_blank\"><img decoding=\"async\" src=\"https:\/\/screamyell.com.br\/blog\/wp-content\/uploads\/2010\/05\/raval.jpg\" alt=\"raval.jpg\" \/><\/a><\/p>\n<p>O refresco de am\u00eandoas, gergelim e cevada que d\u00e1 nome \u00e0 can\u00e7\u00e3o que abre o segundo disco do Vampire Weekend pode ser encontrado em uma sorveteria ao lado da Macba, e tem um gosto que lembra alguma coisa que eu e Lili n\u00e3o conseguimos decifrar (risos). \u00c9 um suco meio pastoso origin\u00e1rio de Val\u00eancia, e os espanhois levam \u00e0 s\u00e9rio sua fabrica\u00e7\u00e3o: h\u00e1 at\u00e9 um conselho regulador para garantir a qualidade do produto. Vale experimentar, mas a m\u00fasica \u00e9 bem melhor.<\/p>\n<p style=\"text-align: center\"><a href=\"http:\/\/www.flickr.com\/photos\/lilianecallegari\/4650611109\/\" target=\"_blank\"><img decoding=\"async\" src=\"https:\/\/screamyell.com.br\/blog\/wp-content\/uploads\/2010\/05\/raval2.jpg\" alt=\"raval2.jpg\" \/><\/a><\/p>\n<p> Saindo do museu decidimos dar um passeio pelo El Raval come\u00e7ando pelo meio macabro, pero colorido Mercado da Boqueria, uma mistura de cores e culturas bastante interessante. Bobeamos pois fizemos um lanche antes, mas dev\u00edamos ter almo\u00e7ado em alguma casa de tapas por ali, pois os pratos de frutos do mar provocavam (e eu nem gosto de frutos de mar). Descemos at\u00e9 o Palau Guell, de Gaudi, que foi reaberto (s\u00f3 o piso terreo e o subsolo), mas o hor\u00e1rio de visita j\u00e1 tinha ido.<\/p>\n<p style=\"text-align: center\"><a href=\"http:\/\/www.flickr.com\/photos\/lilianecallegari\/4650614541\/\" target=\"_blank\"><img decoding=\"async\" src=\"https:\/\/screamyell.com.br\/blog\/wp-content\/uploads\/2010\/05\/raval3.jpg\" alt=\"raval3.jpg\" \/><\/a><\/p>\n<p> A revitaliza\u00e7\u00e3o que come\u00e7ou 20 anos atr\u00e1s pelo jeito melhorou muito o El  Raval, mas \u00e9 imposs\u00edvel caminhar pelo bairro sem prestar aten\u00e7\u00e3o \u00e0s  faixas que dizem, em catal\u00e3o, &#8220;Volem un barri digne&#8221; (&#8220;N\u00f3s queremos um  bairro digno&#8221;), uma campanha de moradores e comerciantes visando  diminuir o crime e a presen\u00e7a de drogados na regi\u00e3o (pelo que entendi, o  El Raval tem uma \u00e1rea mais ou menos parecida com a Cracol\u00e2ncia, em  SP).<\/p>\n<p style=\"text-align: center\"><a href=\"http:\/\/www.flickr.com\/photos\/maccosta\/4650558268\/\" target=\"_blank\"><img decoding=\"async\" src=\"https:\/\/screamyell.com.br\/blog\/wp-content\/uploads\/2010\/05\/raval4.jpg\" alt=\"raval4.jpg\" \/><\/a><\/p>\n<p> O El Raval apresenta uma Barcelona bastante diferente do Eixample (regi\u00e3o desenhada pelo urbanista Ildefons Cerd\u00e1, que abriga as maiores obras de Gaudi) e muito pr\u00f3xima ao Barri Gotic. Ficamos caminhando por ali, passamos em frente ao London Bar, na antigamente mal-afamada Carrer Nou de La Rambla (pela sucess\u00e3o de bord\u00e9is e espeluncas), um pub que j\u00e1 foi freq\u00fcentado por Picasso, Mir\u00f3 e Hemingway, e ainda hoje promove noites de jazz com m\u00fasica ao vivo. Tomara que a a\u00e7\u00e3o dos moradores surta efeitos. O El Raval merece.<\/p>\n<p style=\"text-align: center\"><a href=\"http:\/\/www.flickr.com\/photos\/lilianecallegari\/4650613319\/\" target=\"_blank\"><img decoding=\"async\" src=\"https:\/\/screamyell.com.br\/blog\/wp-content\/uploads\/2010\/05\/raval5.jpg\" alt=\"raval5.jpg\" \/><\/a><\/p>\n<p>Ou seja, dever (tur\u00edstico) cumprido. Mais um peda\u00e7o de Barcelona para se guardar na mem\u00f3ria. Hoje \u00e9 a \u00faltima noite do Primavera Sound, e amanh\u00e3 Wilco em Roma. Aguenta, cora\u00e7\u00e3o, aguenta.<\/p>\n<p align=\"center\"><strong>Fotos da viagem e dos shows:<\/strong><br \/>\n<a href=\"http:\/\/www.flickr.com\/photos\/maccosta\/\" target=\"_blank\">http:\/\/www.flickr.com\/photos\/maccosta\/<\/a><br \/>\n<a href=\"http:\/\/www.flickr.com\/photos\/lilianecallegari\/\" target=\"_blank\">http:\/\/www.flickr.com\/photos\/lilianecallegari\/<\/a><\/p>\n","protected":false},"excerpt":{"rendered":"<p>Dois anos atr\u00e1s escrevi que uma das coisas legais do Festival de Benicassim \u00e9 que quando o festival n\u00e3o t\u00e1 rolando (tipo manh\u00e3 e come\u00e7o da tarde), a galera vai toda pra praia e bodeia. O mesmo n\u00e3o pode ser dito do Primavera Sound, por exemplo. As pernas est\u00e3o arrebentadas de dois dias insanos de [&hellip;]<\/p>\n","protected":false},"author":1,"featured_media":0,"comment_status":"open","ping_status":"open","sticky":false,"template":"","format":"standard","meta":[],"categories":[40],"tags":[],"_links":{"self":[{"href":"https:\/\/www.screamyell.com.br\/blog\/wp-json\/wp\/v2\/posts\/2906"}],"collection":[{"href":"https:\/\/www.screamyell.com.br\/blog\/wp-json\/wp\/v2\/posts"}],"about":[{"href":"https:\/\/www.screamyell.com.br\/blog\/wp-json\/wp\/v2\/types\/post"}],"author":[{"embeddable":true,"href":"https:\/\/www.screamyell.com.br\/blog\/wp-json\/wp\/v2\/users\/1"}],"replies":[{"embeddable":true,"href":"https:\/\/www.screamyell.com.br\/blog\/wp-json\/wp\/v2\/comments?post=2906"}],"version-history":[{"count":0,"href":"https:\/\/www.screamyell.com.br\/blog\/wp-json\/wp\/v2\/posts\/2906\/revisions"}],"wp:attachment":[{"href":"https:\/\/www.screamyell.com.br\/blog\/wp-json\/wp\/v2\/media?parent=2906"}],"wp:term":[{"taxonomy":"category","embeddable":true,"href":"https:\/\/www.screamyell.com.br\/blog\/wp-json\/wp\/v2\/categories?post=2906"},{"taxonomy":"post_tag","embeddable":true,"href":"https:\/\/www.screamyell.com.br\/blog\/wp-json\/wp\/v2\/tags?post=2906"}],"curies":[{"name":"wp","href":"https:\/\/api.w.org\/{rel}","templated":true}]}}