{"id":2883,"date":"2010-05-27T11:00:27","date_gmt":"2010-05-27T14:00:27","guid":{"rendered":"https:\/\/screamyell.com.br\/blog\/2010\/05\/27\/barcelona-a-cidade-dos-arquitetos\/"},"modified":"2010-05-27T11:16:56","modified_gmt":"2010-05-27T14:16:56","slug":"barcelona-a-cidade-dos-arquitetos","status":"publish","type":"post","link":"https:\/\/www.screamyell.com.br\/blog\/2010\/05\/27\/barcelona-a-cidade-dos-arquitetos\/","title":{"rendered":"Barcelona, a cidade dos arquitetos"},"content":{"rendered":"<p style=\"text-align: center\"><a href=\"http:\/\/www.flickr.com\/photos\/maccosta\/4644186121\/\" target=\"_blank\"><img decoding=\"async\" src=\"https:\/\/screamyell.com.br\/blog\/wp-content\/uploads\/2010\/05\/bcn1.jpg\" alt=\"bcn1.jpg\" \/><\/a><\/p>\n<p>O grifo do t\u00edtulo \u00e9 da Lili, mas assino embaixo. O fato de ser casado com uma arquiteta me fez aprender um pouco sobre cidades. E no quesito cidade, indiscutivelmente, Barcelona \u00e9 a minha preferida entre todas que conheci. Se eu tivesse que copiar uma cidade seria essa. Tudo aqui respira. O transporte p\u00fablico funciona, os grandes passeios convidam, o vento traz o ar do Mediterr\u00e2neo pras ruas e as casas de tapas s\u00e3o uma delicia. Barcelona, para mim, \u00e9 igual qualidade de vida.<\/p>\n<p>N\u00e3o oficialmente, Antoni Gaudi \u00e9 o santo padroeiro dos arquitetos. E Barcelona \u00e9 Gaudi &#8211; assim como \u00e9 Mir\u00f3 e tamb\u00e9m Cerd\u00e1 (leia sobre este \u00faltimo <a href=\"http:\/\/pt.wikipedia.org\/wiki\/Ildefons_Cerd%C3%A0\" target=\"_blank\">aqui<\/a>), mas a cidade anda se expandindo e ficando high-tech. O que me surpreende \u00e9 como eles t\u00eam conseguido lidar com o desenvolvimento sem negar o passado. Novos arranha-c\u00e9us espetaculosos surgem a toda hora no fim da Avenida Diagonal enquanto, por outro lado, andaimes continuam reinando sobre a Sagrada Fam\u00edlia.<\/p>\n<p style=\"text-align: center\"><a href=\"http:\/\/www.flickr.com\/photos\/maccosta\/4644186983\/\" target=\"_blank\"><img decoding=\"async\" src=\"https:\/\/screamyell.com.br\/blog\/wp-content\/uploads\/2010\/05\/bcn2.jpg\" alt=\"bcn2.jpg\" \/><\/a><\/p>\n<p>O jogo de xadrez desenhado por Cerd\u00e1 continua sendo respeitado assim como o bairro g\u00f3tico nos faz parecer entrar em outra cidade, mas essa nova \u00e1rea de Barcelona ao fim da Avenida Diagonal (que aproveitou-se do boom das Olimp\u00edadas de 1992), que alguns chamam de bairro americano, tem destaques que impressionam os olhos e parecem funcionar muito bem. O trecho come\u00e7a na pol\u00eamica Torre Agbar (falei dela <a href=\"https:\/\/screamyell.com.br\/blog\/2010\/04\/17\/a-polemica-torre-agbar-de-jean-nouvel\/\" target=\"_blank\">aqui<\/a>) e vai at\u00e9 o Parque do F\u00f3rum.<\/p>\n<p>\u00c9 um trecho de tr\u00eas quil\u00f4metros onde h\u00e1 espa\u00e7o para carros, trams, bicicletas e pessoas caminharem ao mesmo tempo sem se misturarem (como no plano central de Cerd\u00e1). A coisa toda flu\u00ed e a cidade parece caminhar. No meio h\u00e1 o Parque Central de Poblenou, um jardim intergal\u00e1ctico, obra do arquiteto franc\u00eas Jean Nouvel (o mesmo do pinto, ops, a Torre Agbar), que pensou nos m\u00ednimos detalhes da obra (de cadeira \u00e0 lumin\u00e1rias at\u00e9 ao piso da \u00e1rea infantil). Simplesmente um deleite.<\/p>\n<p style=\"text-align: center\"><a href=\"http:\/\/www.flickr.com\/photos\/maccosta\/4644189241\/\" target=\"_blank\"><img decoding=\"async\" src=\"https:\/\/screamyell.com.br\/blog\/wp-content\/uploads\/2010\/05\/bcn3.jpg\" alt=\"bcn3.jpg\" \/><\/a><\/p>\n<p>Mais \u00e0 frente temos outro grande parque, o Diagonal Mar, obra dos arquitetos catal\u00e3es Enric Miralles e Benedetta Tagliabue. Lili j\u00e1 tinha assistido a uma palestra da Benedetta em uma das bienais de arquitetura (segundo ela, na \u00faltima bienal que valeu a pena), e reconheceu o parque assim que colocou os olhos nele. H\u00e1 vasos enormes vasos gaudilescos (alguns suspensos no ar), um lago enorme \u00e9 uma bela \u00e1rea de lazer e descanso.<\/p>\n<p>No final da avenida, quando o azul do Mediterr\u00e2neo come\u00e7a a conquistar os olhos, temos o Parq del Forum, cujo edif\u00edcio foi constru\u00eddo pelos arquitetos su\u00ed\u00e7os Jacques Herzog e Pierre de Meuron. J\u00e1 conhecia o pr\u00e9dio, pois Tom Waits tocou aqui em 2008 (vim at\u00e9 a porta tentar a sorte de um cambista, mas n\u00e3o rolou), e n\u00e3o gosto dele (um pr\u00e9dio azul marinho com detalhes prateados? Por favor, n\u00e9), mas gosto de outro do escrit\u00f3rio su\u00ed\u00e7o, o Caixa F\u00f3rum de Madri (falei dele <a href=\"https:\/\/screamyell.com.br\/blog\/2009\/08\/03\/o-dia-ja-vem-raiando-meu-bem-2\/\" target=\"_blank\">aqui<\/a>).<\/p>\n<p style=\"text-align: center\"><a href=\"http:\/\/www.flickr.com\/photos\/maccosta\/4644808836\/\" target=\"_blank\"><img decoding=\"async\" src=\"https:\/\/screamyell.com.br\/blog\/wp-content\/uploads\/2010\/05\/bcn4.jpg\" alt=\"bcn4.jpg\" \/><\/a><\/p>\n<p>Ou seja, uma manh\u00e3 de passeio arquitet\u00f4nico nos proporcionou v\u00e1rias novidades. Na volta, almo\u00e7amos numa casa de tapas na \u00e1rea externa de um shopping, e Lili (finalmente) acertou no pedido (depois de v\u00e1rios tiros n&#8217;agua at\u00e9 agora) com os maiores camar\u00f5es que j\u00e1 vi num prato (<a href=\"http:\/\/www.flickr.com\/photos\/maccosta\/4644196899\/\" target=\"_blank\">aqui<\/a>). Fui do b\u00e1sico bife argentino, bem bom, acompanhado da refrescante cerveja francesa Kronenbourg 1664 (<a href=\"http:\/\/www.flickr.com\/photos\/maccosta\/4644813430\/\" target=\"_blank\">essa<\/a>). Ainda passamos no supermercado e fiz um estoque de cervejas belgas de Abadia (nem eu acredito&#8230; mas <a href=\"http:\/\/www.flickr.com\/photos\/maccosta\/4644814716\/\" target=\"_blank\">olhe<\/a>).O Primavera Sound come\u00e7a hoje. Haja cora\u00e7\u00e3o.<\/p>\n<p><strong>Leia tamb\u00e9m<\/strong><br \/>\n&#8211; Barcelona 2009: Joan Mir\u00f3, Mies van der Rohe e Parq G\u00fcell (<a href=\"https:\/\/screamyell.com.br\/blog\/2009\/07\/29\/joan-miro-mies-van-der-rohe-e-parq-guell\/\">aqui<\/a>)<br \/>\n&#8211; Barcelona 2009: La Pedrera, de Antoni Gaudi (<a href=\"https:\/\/screamyell.com.br\/blog\/2009\/07\/28\/te-quiero-barcelona\/\">aqui<\/a> e <a href=\"https:\/\/screamyell.com.br\/blog\/2008\/07\/17\/bye-bye-barcelona\/\">aqui<\/a>)<br \/>\n&#8211; Barcelona 2008: Uma foto do Barrio Gotic (<a href=\"https:\/\/screamyell.com.br\/blog\/2009\/03\/14\/uma-foto-de-barcelona\/\">aqui<\/a>)<br \/>\n&#8211; Barcelona 2008: Antoni Gaudi, Tom Waits e Barri Gotic (<a href=\"https:\/\/screamyell.com.br\/blog\/2008\/07\/16\/antoni-gaudi-tom-waits-e-barri-gotic\/\">aqui<\/a>)<\/p>\n<p style=\"text-align: center\"><a href=\"http:\/\/www.flickr.com\/photos\/maccosta\/4644195343\/\" target=\"_blank\"><img decoding=\"async\" src=\"https:\/\/screamyell.com.br\/blog\/wp-content\/uploads\/2010\/05\/bcn5.jpg\" alt=\"bcn5.jpg\" \/><\/a><\/p>\n<p align=\"center\"><strong>Fotos da viagem:<\/strong><br \/>\n<a href=\"http:\/\/www.flickr.com\/photos\/maccosta\/\" target=\"_blank\">http:\/\/www.flickr.com\/photos\/maccosta\/<\/a><br \/>\n<a href=\"http:\/\/www.flickr.com\/photos\/lilianecallegari\/\" target=\"_blank\">http:\/\/www.flickr.com\/photos\/lilianecallegari\/<\/a><\/p>\n","protected":false},"excerpt":{"rendered":"<p>O grifo do t\u00edtulo \u00e9 da Lili, mas assino embaixo. O fato de ser casado com uma arquiteta me fez aprender um pouco sobre cidades. E no quesito cidade, indiscutivelmente, Barcelona \u00e9 a minha preferida entre todas que conheci. Se eu tivesse que copiar uma cidade seria essa. Tudo aqui respira. O transporte p\u00fablico funciona, [&hellip;]<\/p>\n","protected":false},"author":1,"featured_media":0,"comment_status":"open","ping_status":"open","sticky":false,"template":"","format":"standard","meta":[],"categories":[40],"tags":[],"_links":{"self":[{"href":"https:\/\/www.screamyell.com.br\/blog\/wp-json\/wp\/v2\/posts\/2883"}],"collection":[{"href":"https:\/\/www.screamyell.com.br\/blog\/wp-json\/wp\/v2\/posts"}],"about":[{"href":"https:\/\/www.screamyell.com.br\/blog\/wp-json\/wp\/v2\/types\/post"}],"author":[{"embeddable":true,"href":"https:\/\/www.screamyell.com.br\/blog\/wp-json\/wp\/v2\/users\/1"}],"replies":[{"embeddable":true,"href":"https:\/\/www.screamyell.com.br\/blog\/wp-json\/wp\/v2\/comments?post=2883"}],"version-history":[{"count":0,"href":"https:\/\/www.screamyell.com.br\/blog\/wp-json\/wp\/v2\/posts\/2883\/revisions"}],"wp:attachment":[{"href":"https:\/\/www.screamyell.com.br\/blog\/wp-json\/wp\/v2\/media?parent=2883"}],"wp:term":[{"taxonomy":"category","embeddable":true,"href":"https:\/\/www.screamyell.com.br\/blog\/wp-json\/wp\/v2\/categories?post=2883"},{"taxonomy":"post_tag","embeddable":true,"href":"https:\/\/www.screamyell.com.br\/blog\/wp-json\/wp\/v2\/tags?post=2883"}],"curies":[{"name":"wp","href":"https:\/\/api.w.org\/{rel}","templated":true}]}}