{"id":2830,"date":"2010-05-20T10:50:50","date_gmt":"2010-05-20T13:50:50","guid":{"rendered":"https:\/\/screamyell.com.br\/blog\/2010\/05\/20\/e-entao-no-quinto-dia-o-sol-apareceu\/"},"modified":"2010-05-20T10:59:35","modified_gmt":"2010-05-20T13:59:35","slug":"e-entao-no-quinto-dia-o-sol-apareceu","status":"publish","type":"post","link":"https:\/\/www.screamyell.com.br\/blog\/2010\/05\/20\/e-entao-no-quinto-dia-o-sol-apareceu\/","title":{"rendered":"E ent\u00e3o, no quinto dia, o sol apareceu"},"content":{"rendered":"<p style=\"text-align: center\"><a href=\"http:\/\/www.flickr.com\/photos\/maccosta\/4622569094\/\" target=\"_blank\"><img decoding=\"async\" src=\"https:\/\/screamyell.com.br\/blog\/wp-content\/uploads\/2010\/05\/viena6.jpg\" alt=\"viena6.jpg\" \/><\/a><\/p>\n<p>Apareceu naquelas: o vento frio estava ali para nos lembrar que a primavera ainda n\u00e3o terminou no velho mundo, mas s\u00f3 de ver o solzinho dar \u00e0s caras j\u00e1 ficamos animados. Tudo bem que n\u00e3o foi um sol por muito tempo, e a manh\u00e3 terminou cinza e nublada enquanto a tarde recebeu uma garoa leve, mas os ventos n\u00e3o cessaram um segundo.<\/p>\n<p>Come\u00e7amos o dia no MuseumsQuartier conferindo as exposi\u00e7\u00f5es no Leopold Museum e no Mumok. Compramos um ticket para os dois (que com o desconto do Viena Card saiu por 11 euros), mas batendo os dois juntos no liquidificador n\u00e3o d\u00e1 metade do L&#8217;Orangerie, em Paris. Acervo fraquinho, com dois ou tr\u00eas belos Klimt (\u201cTranquil Pond\u201d, \u201cAttersee\u201d) e alguns Egon Schiele que se revelaram uma surpresa (Lili, que entende mais do assunto do que eu, amou).<\/p>\n<p style=\"text-align: center\"><a href=\"http:\/\/www.flickr.com\/photos\/lilianecallegari\/4622559206\/\" target=\"_blank\"><img decoding=\"async\" src=\"https:\/\/screamyell.com.br\/blog\/wp-content\/uploads\/2010\/05\/viena1.jpg\" alt=\"viena1.jpg\" \/><\/a><\/p>\n<p>Para mim, os pr\u00e9dios (dois caixot\u00f5es bacanas) me impressionaram mais do que as obras em si. Gostei muito das paisagens do Schiele (\u201cCrescent\u201d, \u201cHouse II\u201d) do que de seus retratos nervosos. Praticamente um filho de Gustav Klimt, Schiele \u00e9 um excelente representante do expressionismo austr\u00edaco, e morreu aos 28 anos v\u00edtima da gripe influenza espanhola, tr\u00eas dias depois de sua esposa, que estava gr\u00e1vida de seis meses. Talvez seus quadros m\u00f3rbidos j\u00e1 soubessem da trag\u00e9dia.<\/p>\n<p>Por\u00e9m, se voc\u00ea quiser ver Schiele e Klimt em Viena, v\u00e1 ao Belvedere, o tal pal\u00e1cio em que viveu Franz Ferdinand. O local em si \u00e9 uma atra\u00e7\u00e3o \u00e0 parte, um imenso castelo com jardins ao estilo franc\u00eas (uma c\u00f3pia de segunda categoria, na verdade, assim como as esculturas, terr\u00edveis perto das de qualquer pracinha italiana) que abriga obras de Renoir, Monet, Degas e Van Gogh, al\u00e9m de duas salas repletas de Schiele e mais duas com obras de Klimt, incluindo a m\u00edtica (e bela) tela \u201cO Beijo\u201d.<\/p>\n<p style=\"text-align: center\"><a href=\"http:\/\/www.flickr.com\/photos\/maccosta\/4622579966\/\" target=\"_blank\"><img decoding=\"async\" src=\"https:\/\/screamyell.com.br\/blog\/wp-content\/uploads\/2010\/05\/viena2.jpg\" alt=\"viena2.jpg\" \/><\/a><\/p>\n<p>Antes de partir, paramos em um caf\u00e9 grego em frente \u00e0 entrada do Belvedere. Tomei o melhor goulash da viagem (acompanhado de pikla, um delicioso p\u00e3o com alho feito na casa) enquanto Lili arriscou um topfenstrudel. Para n\u00e3o irmos direto para o hotel, decidimos conferir qual\u00e9 a do Gasometer, quatro imensos pr\u00e9dios que foram recuperados por grandes arquitetos (entre eles, Jean Nouvel, aquele do \u201cpinto\u201d em Barcelona \u2013 falei <a href=\"https:\/\/screamyell.com.br\/blog\/2010\/04\/17\/a-polemica-torre-agbar-de-jean-nouvel\/\" target=\"_blank\">aqui<\/a>).<\/p>\n<p>Fiquei curioso pelo pr\u00e9dio pois, no dia do BRMC, vi um cartaz que anunciava um show do Wilco l\u00e1 (em setembro, acho). E o lugar \u00e9 sensacional. Os quatro arquitetos (cada um pegou uma torre do gas\u00f4metro) piravam e constru\u00edram um interessante centro comercial que, tamb\u00e9m, abriga apartamentos, academia de gin\u00e1stica, casa do shows e \u00e9 interligado com um complexo de entretenimento com cinema e outras coisas. Um deslumbre.<\/p>\n<p style=\"text-align: center\"><a href=\"http:\/\/www.flickr.com\/photos\/maccosta\/4621970859\/\" target=\"_blank\"><img decoding=\"async\" src=\"https:\/\/screamyell.com.br\/blog\/wp-content\/uploads\/2010\/05\/viena4.jpg\" alt=\"viena4.jpg\" \/><\/a><\/p>\n<p>Al\u00e9m dos quatro pr\u00e9dios remodelados, o complexo (chamado de Gasometer City) ganhou um pr\u00e9dio todo recortado na frente, e um conjunto de cinco pr\u00e9dios verdes e tortos ao fundo, como se o vento do centro tivesse movido os blocos de lugar. Interessant\u00edssimo. Aproveitamos que est\u00e1vamos por ali e sa\u00edmos \u00e0s compras: mais uma blusa de frio pra Lili, uma garrafinha de vinho (para ela), duas novas cervejas (para mim), queijo brie, Pringles e alguns docinhos.<\/p>\n<p>Nesta quinta faremos um bate e volta na capital do pa\u00eds vizinho, a Eslov\u00e1quia. Vamos para Bratislava dar uma olhada r\u00e1pida, e voltamos \u00e0 noite para arrumarmos as malas e voltarmos para mais dois dias de Budapeste (mais Buda que Peste). Praga j\u00e1 come\u00e7a a pintar em nosso trajeto. Domingo estaremos por l\u00e1.<\/p>\n<p>Ps1. Lili viciou no apfelstrudel<\/p>\n<p>Ps2. Se voc\u00ea est\u00e1 na \u00c1ustria, fa\u00e7a como os austr\u00edacos e almoce hot dog com wurst. N\u00e3o tem como n\u00e3o achar engra\u00e7ado. O cara tem uma m\u00e1quina que tira o miolo do p\u00e3o, e \u00e9 ali que ele introduz o salsich\u00e3o (que pode ser apimentado, sem pimenta e aquele marrom, que ainda n\u00e3o provei \u2013 e n\u00e3o tenho muita coragem). E ele pergunta: \u201ccat chup e mostarda?\u201d. E \u00e9 s\u00f3 isso, mas sabe que fica b\u00e3o! :~<\/p>\n<p>Ps3. Seguindo a dica do grande amigo Carlos sa\u00edmos atr\u00e1s de alguns lugares que serviram de cen\u00e1rio para \u201cAntes do Amanhecer\u201d. Juro que eu n\u00e3o lembrava que Jesse e Celine desciam em Viena, e passavam o dia na cidade (e a noite no parque). Encontramos a ponte, mas preciso rever o filme para clarear a mem\u00f3ria. Para mim, a cena em que o casal encontra o grupo de teatro era em outra ponte e n\u00e3o nessa (<a href=\"http:\/\/www.flickr.com\/photos\/maccosta\/4621969653\/\" target=\"_blank\">aqui<\/a>). A rever.<\/p>\n<p>Ps4. Em Paris, ano passado e retrasado, visitei a Shakespeare and Co., local que serviu de cen\u00e1rio para \u201cAntes do Por-do-Sol\u201d (<a href=\"https:\/\/screamyell.com.br\/blog\/2008\/08\/01\/definitivamente-londres\/\" target=\"_blank\">aqui<\/a>). Jonathan Safran Foer estava por l\u00e1 tamb\u00e9m lendo trechos de seu novo livro, \u201cEating Animals\u201d (contei <a href=\"https:\/\/screamyell.com.br\/blog\/2009\/07\/07\/coisas-sobre-londres-e-paris\/\" target=\"_blank\">aqui<\/a>)<\/p>\n<p>Ps5. No supermercado havia um Erdinger Dunkel de r\u00f3tulo marrom que nunca cheguei a ver no Brasil. Fiquei tentado, ainda mais pelo pre\u00e7o: 0,95 euro. Mas acabei levando uma Eggberg Vollbier. Amanh\u00e3 falo dela.<\/p>\n<p>Ps6. Como assim 23 graus em S\u00e3o Paulo e 9 em Viena? J\u00e1 \u00e9 quase inverno por ai e aqui \u00e9 quase ver\u00e3o! Como assim??? risos<\/p>\n<p>Ps7. Mais duas cervejas para entrar na lista. A primeira foi a Hubertus Br\u00e4u, um dunkel austr\u00edaca docinha (com aroma de chocolate e sabor de caramelo) e muito leve (apenas 3,9% de gradua\u00e7\u00e3o alco\u00f3lica) que fica no meio do caminho entre a 1795 Dark e a Malzibier. A outra foi a Wieselburger Stammbr\u00e4u, 5,4% de gradua\u00e7\u00e3o alco\u00f3lica bastante percept\u00edveis. A garrafa \u00e9 daquelas com rolha de press\u00e3o, cliplock, e apesar do charme, a cerveja \u00e9 apenas boazinha, melhor que as concorrentes de boteco da \u00e1rea (tipo aG\u00f6sser), mas ainda assim nada impressionante. O problema das cervejas austr\u00edacas \u00e9 que elas s\u00e3o aguadas. Quem manda o pa\u00eds ter 70% de \u00e1gua n\u00e3o tratada descendo purinha direto dos Alpes. Essa \u00e1gua toda teria que ir para algum lugar&#8230;<\/p>\n<p>1) 3,5\/5 \u2013 Hofbrau Munchen, Alemanha (<a href=\"http:\/\/www.flickr.com\/photos\/maccosta\/4614815133\/\" target=\"_blank\">aqui<\/a>)<br \/>\n2) 2,6\/5 \u2013 Arany \u00c1szok, Hungria (<a href=\"http:\/\/www.flickr.com\/photos\/maccosta\/4614792741\/\" target=\"_blank\">aqui<\/a>)<br \/>\n3) 2,4\/5 &#8211; Hubertus Br\u00e4u, \u00c1ustria (<a href=\"http:\/\/www.flickr.com\/photos\/maccosta\/4621971341\/\" target=\"_blank\">aqui<\/a>)<br \/>\n4) 2\/5 &#8211; Wieselburger Stammbr\u00e4u, \u00c1ustria (<a href=\"http:\/\/www.flickr.com\/photos\/maccosta\/4622568592\/\" target=\"_blank\">aqui<\/a>)<br \/>\n5) 1,9\/5 &#8211; Dreher, Hungria (<a href=\"http:\/\/www.flickr.com\/photos\/maccosta\/4610610551\/\" target=\"_blank\">aqui<\/a>)<br \/>\n6) 1,8\/5 &#8211; G\u00f6sser M\u00e4rzen, \u00c1ustria (aqui) (<a href=\"http:\/\/www.flickr.com\/photos\/maccosta\/4621156502\/\" target=\"_blank\">aqui<\/a>)<br \/>\n7) 1\/5 &#8211; G\u00f6sser Radler, \u00c1ustria (aqui) (<a href=\"http:\/\/www.flickr.com\/photos\/maccosta\/4619589542\/\" target=\"_blank\">aqui<\/a>)<\/p>\n<p style=\"text-align: center\"><a href=\"http:\/\/www.flickr.com\/photos\/maccosta\/4621972395\/\" target=\"_blank\"><img decoding=\"async\" src=\"https:\/\/screamyell.com.br\/blog\/wp-content\/uploads\/2010\/05\/viena3.jpg\" alt=\"viena3.jpg\" \/><\/a><\/p>\n<p align=\"center\"><strong>Fotos da viagem:<\/strong><br \/>\n<a href=\"http:\/\/www.flickr.com\/photos\/maccosta\/\" target=\"_blank\">http:\/\/www.flickr.com\/photos\/maccosta\/<\/a><br \/>\n<a href=\"http:\/\/www.flickr.com\/photos\/lilianecallegari\/\" target=\"_blank\">http:\/\/www.flickr.com\/photos\/lilianecallegari\/<\/a><\/p>\n","protected":false},"excerpt":{"rendered":"<p>Apareceu naquelas: o vento frio estava ali para nos lembrar que a primavera ainda n\u00e3o terminou no velho mundo, mas s\u00f3 de ver o solzinho dar \u00e0s caras j\u00e1 ficamos animados. Tudo bem que n\u00e3o foi um sol por muito tempo, e a manh\u00e3 terminou cinza e nublada enquanto a tarde recebeu uma garoa leve, [&hellip;]<\/p>\n","protected":false},"author":1,"featured_media":0,"comment_status":"open","ping_status":"open","sticky":false,"template":"","format":"standard","meta":[],"categories":[40],"tags":[],"_links":{"self":[{"href":"https:\/\/www.screamyell.com.br\/blog\/wp-json\/wp\/v2\/posts\/2830"}],"collection":[{"href":"https:\/\/www.screamyell.com.br\/blog\/wp-json\/wp\/v2\/posts"}],"about":[{"href":"https:\/\/www.screamyell.com.br\/blog\/wp-json\/wp\/v2\/types\/post"}],"author":[{"embeddable":true,"href":"https:\/\/www.screamyell.com.br\/blog\/wp-json\/wp\/v2\/users\/1"}],"replies":[{"embeddable":true,"href":"https:\/\/www.screamyell.com.br\/blog\/wp-json\/wp\/v2\/comments?post=2830"}],"version-history":[{"count":0,"href":"https:\/\/www.screamyell.com.br\/blog\/wp-json\/wp\/v2\/posts\/2830\/revisions"}],"wp:attachment":[{"href":"https:\/\/www.screamyell.com.br\/blog\/wp-json\/wp\/v2\/media?parent=2830"}],"wp:term":[{"taxonomy":"category","embeddable":true,"href":"https:\/\/www.screamyell.com.br\/blog\/wp-json\/wp\/v2\/categories?post=2830"},{"taxonomy":"post_tag","embeddable":true,"href":"https:\/\/www.screamyell.com.br\/blog\/wp-json\/wp\/v2\/tags?post=2830"}],"curies":[{"name":"wp","href":"https:\/\/api.w.org\/{rel}","templated":true}]}}