{"id":20640,"date":"2026-04-20T10:12:37","date_gmt":"2026-04-20T13:12:37","guid":{"rendered":"https:\/\/www.screamyell.com.br\/blog\/?p=20640"},"modified":"2026-04-27T10:17:59","modified_gmt":"2026-04-27T13:17:59","slug":"uma-musica-por-dia-desintoxicacao","status":"publish","type":"post","link":"https:\/\/www.screamyell.com.br\/blog\/2026\/04\/20\/uma-musica-por-dia-desintoxicacao\/","title":{"rendered":"Uma m\u00fasica por dia: Desintoxica\u00e7\u00e3o"},"content":{"rendered":"<p><img decoding=\"async\" class=\"aligncenter\" src=\"https:\/\/www.screamyell.com.br\/blog\/wp-content\/uploads\/2026\/04\/desafio.jpg\" \/><\/p>\n<p style=\"text-align: center;\"><strong>DIA 11: \u00a0&#8220;Uma m\u00fasica que voc\u00ea nunca vai enjoar&#8221;<\/strong><\/p>\n<p style=\"text-align: justify;\">O \u00daltimo N\u00famero \u00e9 uma banda de Belo Horizonte que debutou em 1986 pelo selo independente Cambio Negro com o bel\u00edssimo \u00e1lbum \u201cStrip-Tease da Alma\u201d, que unia a poesia e o grande vocal de Gato Jair com os bons riffs de guitarra do garoto Jo\u00e3o Daniel Ulhoa, que deixaria a banda no ano seguinte para se dedicar ao grupo Sexo Expl\u00edcito (e, depois, ao Pato Fu).<\/p>\n<p>Reformado como um quinteto, o \u00daltimo N\u00famero conseguiu superar a \u00f3tima estreia com um segundo \u00e1lbum poderoso, \u201cFilme\u201d, de 1988. A sonoridade \u00e9 mais cheia, redonda e complexa. O vocal de Gato Jair brilha na maravilhosa faixa de abertura, \u201cDesintoxica\u00e7\u00e3o\u201d, na revis\u00e3o de \u201cArs Longa Vita Brevis II\u201d (presente no primeiro \u00e1lbum), na clim\u00e1tica faixa t\u00edtulo e na \u00f3tima vers\u00e3o de \u201cCome Together\u201d, dos Beatles.<\/p>\n<p>&#8220;Filme&#8221; \u00e9 o meu disco favorito deles. Comprei na Baratos Afins, na Galeria do Rock, em 9 de junho de 1991 e ele \u00e9 o vinil n\u00famero 212 da minha cole\u00e7\u00e3o (eu costumava, no s\u00e9culo passado, numerar, datar e assinar meus vinis, afinal eles iriam ficar comigo a vida inteira mesmo). Desde que comprei virou disco de cabeceira, daqueles que a gente volta a eles sempre sem pensar ou planejar, simplesmente porque os ama..<\/p>\n<p>Pra mim, a grande can\u00e7\u00e3o desse grande \u00e1lbum \u00e9 &#8220;Desintoxica\u00e7\u00e3o&#8221;, a m\u00fasica que abre o disco. Foi uma surpresa t\u00e3o boa ouvi-la pela primeira vez naquele distante 1991. De todas as faixas do \u00e1lbum (e do \u00daltimo N\u00famero), essa \u00e9 a minha favorita, a can\u00e7\u00e3o que sempre volta e que, suspeito, eu nunca tenha passado um ano sequer sem ouvi-la desde aquele 1991. Ta\u00ed, uma can\u00e7\u00e3o que eu nunca vou enjoar.<\/p>\n<p>Essa escolha \u00e9 uma homenagem ao poeta, vocalista e letrista Gato Jair, que nos deixou essa semana.\u00a0<a class=\"x1i10hfl xjbqb8w x1ejq31n x18oe1m7 x1sy0etr xstzfhl x972fbf x10w94by x1qhh985 x14e42zd x9f619 x1ypdohk xt0psk2 x3ct3a4 xdj266r x14z9mp xat24cr x1lziwak xexx8yu xyri2b x18d9i69 x1c1uobl x16tdsg8 x1hl2dhg xggy1nq x1a2a7pz _aa9_ _a6hd\" tabindex=\"0\" role=\"link\" href=\"https:\/\/www.instagram.com\/explore\/tags\/rip\/\">#RIP<\/a><\/p>\n<p style=\"text-align: center;\"><em>&#8220;Desintoxica\u00e7\u00e3o&#8221;, \u00daltimo N\u00famero<\/em><br \/>\n<em>do \u00e1lbum &#8220;Filme&#8221;, 1988<\/em><\/p>\n<p style=\"text-align: center;\">H\u00e1 sempre algo que eu perco quando falo<br \/>\nLua luminosa, jatos d&#8217;\u00e1gua e algum \u00e1lcool<\/p>\n<p style=\"text-align: center;\">H\u00e1 sempre algo que eu ganho quando falho<br \/>\nSombras de sons, luz em arco e algum ar<\/p>\n<p style=\"text-align: center;\">Eu hoje falo fatos, vejo m\u00fasica<br \/>\nSou feliz por respirar<\/p>\n<p style=\"text-align: center;\">Observo mais imagens<br \/>\nQual \u00e9 a que existe?<br \/>\nQual \u00e9 a mais triste?<br \/>\nTudo \u00e9 leve esta manh\u00e3<\/p>\n<p style=\"text-align: center;\">O pesadelo vivo n\u00e3o existe mais<br \/>\nO verdadeiro inferno ficou para tr\u00e1s<\/p>\n<p><iframe loading=\"lazy\" title=\"O Ultimo Numero - Desintoxica\u00e7\u00e3o\" width=\"500\" height=\"375\" src=\"https:\/\/www.youtube.com\/embed\/fkxCzMaiWsQ?feature=oembed\" frameborder=\"0\" allow=\"accelerometer; autoplay; clipboard-write; encrypted-media; gyroscope; picture-in-picture; web-share\" referrerpolicy=\"strict-origin-when-cross-origin\" allowfullscreen><\/iframe><\/p>\n<p style=\"text-align: center;\"><strong><a href=\"https:\/\/www.screamyell.com.br\/blog\/tag\/umamusicapordia\">UMA M\u00daSICA POR DIA<\/a><\/strong><\/p>\n","protected":false},"excerpt":{"rendered":"<p>DIA 11: \u00a0&#8220;Uma m\u00fasica que voc\u00ea nunca vai enjoar&#8221; O \u00daltimo N\u00famero \u00e9 uma banda de Belo Horizonte que debutou em 1986 pelo selo independente Cambio Negro com o bel\u00edssimo \u00e1lbum \u201cStrip-Tease da Alma\u201d, que unia a poesia e o grande vocal de Gato Jair com os bons riffs de guitarra do garoto Jo\u00e3o Daniel [&hellip;]<\/p>\n","protected":false},"author":1,"featured_media":0,"comment_status":"open","ping_status":"open","sticky":false,"template":"","format":"standard","meta":[],"categories":[3],"tags":[375],"_links":{"self":[{"href":"https:\/\/www.screamyell.com.br\/blog\/wp-json\/wp\/v2\/posts\/20640"}],"collection":[{"href":"https:\/\/www.screamyell.com.br\/blog\/wp-json\/wp\/v2\/posts"}],"about":[{"href":"https:\/\/www.screamyell.com.br\/blog\/wp-json\/wp\/v2\/types\/post"}],"author":[{"embeddable":true,"href":"https:\/\/www.screamyell.com.br\/blog\/wp-json\/wp\/v2\/users\/1"}],"replies":[{"embeddable":true,"href":"https:\/\/www.screamyell.com.br\/blog\/wp-json\/wp\/v2\/comments?post=20640"}],"version-history":[{"count":3,"href":"https:\/\/www.screamyell.com.br\/blog\/wp-json\/wp\/v2\/posts\/20640\/revisions"}],"predecessor-version":[{"id":20643,"href":"https:\/\/www.screamyell.com.br\/blog\/wp-json\/wp\/v2\/posts\/20640\/revisions\/20643"}],"wp:attachment":[{"href":"https:\/\/www.screamyell.com.br\/blog\/wp-json\/wp\/v2\/media?parent=20640"}],"wp:term":[{"taxonomy":"category","embeddable":true,"href":"https:\/\/www.screamyell.com.br\/blog\/wp-json\/wp\/v2\/categories?post=20640"},{"taxonomy":"post_tag","embeddable":true,"href":"https:\/\/www.screamyell.com.br\/blog\/wp-json\/wp\/v2\/tags?post=20640"}],"curies":[{"name":"wp","href":"https:\/\/api.w.org\/{rel}","templated":true}]}}