{"id":20635,"date":"2026-04-19T10:07:18","date_gmt":"2026-04-19T13:07:18","guid":{"rendered":"https:\/\/www.screamyell.com.br\/blog\/?p=20635"},"modified":"2026-04-27T10:11:56","modified_gmt":"2026-04-27T13:11:56","slug":"uma-musica-por-dia-dizem","status":"publish","type":"post","link":"https:\/\/www.screamyell.com.br\/blog\/2026\/04\/19\/uma-musica-por-dia-dizem\/","title":{"rendered":"Uma m\u00fasica por dia: Dizem"},"content":{"rendered":"<p><strong><img decoding=\"async\" class=\"aligncenter\" src=\"https:\/\/www.screamyell.com.br\/blog\/wp-content\/uploads\/2026\/04\/desafio.jpg\" \/><\/strong><\/p>\n<p><strong>DIA 10: &#8220;Uma m\u00fasica que te deixa triste ou, adaptando, Uma m\u00fasica que te acompanha na tristeza&#8221;<\/strong><\/p>\n<p>Como comentei no &#8220;dia 9&#8221;, m\u00fasica sempre me faz feliz. Principalmente as&#8230; tristes. \ud83d\ude42<\/p>\n<p>N\u00e3o consigo pensar em uma m\u00fasica que me traga tristeza, mas elas, muitas vezes, andam de m\u00e3os dadas comigo em dias cinzas, como se cuidassem de mim. Ou seja, m\u00fasica n\u00e3o me deixa triste, a vida t\u00e1 a\u00ed pra isso, mas serve de trilha sonora para esses momentos&#8230; dif\u00edceis.<\/p>\n<p>Dai pode ir de &#8220;L&#8217;Avventura&#8221; da Legi\u00e3o a &#8220;Broken Heart&#8221; do Spiritualized, de &#8220;Forgiven&#8221; do Echo and The Bunnymen a &#8220;Lost Cause&#8221; do Beck, de &#8220;So Broken&#8221; da Bjork a &#8220;&#8230;Said Sadly&#8221; do Smashing Pumpkins&#8221;, de &#8220;Canci\u00f3n Para Mi Muerte&#8221; do Sui Generis a &#8220;Atmosphere&#8221; do Joy Division &#8211; e s\u00e3o tantas. Pra voc\u00ea ter uma ideia, tenho uma pasta no HD de DJ Set s\u00f3 com baladas &#8220;matadoras&#8221;, e j\u00e1 usei muitas delas em discotecagens lounge&#8230;<\/p>\n<p>Pra esse dia ficarei com &#8220;Dizem&#8221;, da banda curitibana OAEOZ num feat com Edith de Camargo. Uma bel\u00edssima companhia nesses dias densos&#8230;<\/p>\n<p style=\"text-align: center;\"><em>&#8220;Dizem&#8221;, OAEOZ feat Edith de Camargo.<\/em><br \/>\n<em>do \u00e1lbum &#8220;\u00c0s Vezes C\u00e9u&#8221;, 2005<\/em><\/p>\n<p style=\"text-align: center;\">Alguns dizem que tenho talento<br \/>\nPr\u00e1 melancolia<br \/>\nQualquer tipo de fobia<br \/>\nQue tenho pena de mim<br \/>\nE que por isso gosto de me arrastar por a\u00ed<br \/>\nPor debaixo da dor<br \/>\nImplorando por afeto<\/p>\n<p style=\"text-align: center;\">Dizem tamb\u00e9m<br \/>\nQue mantenho uma certa dist\u00e2ncia<br \/>\nQue dura mais ou menos dois copos<br \/>\nMas que depois me solto<br \/>\nE sou capaz de ir pra casa mais pr\u00f3xima<br \/>\nCom quem quer que seja<br \/>\nEm busca de um pouco mais&#8230;<br \/>\n&#8230;e de aconchego<\/p>\n<p style=\"text-align: center;\">Eu sei que sou um destes<br \/>\nQualquer um<br \/>\nQue pelo menos te agrade<br \/>\nE agrave tua dor<br \/>\n\u00c9 que come\u00e7o a me sentir<br \/>\nMeio s\u00f3 pela madrugada<br \/>\nAs ruas vazias<br \/>\nE as pessoas por tr\u00e1s dos vidros<br \/>\nEm volta das mesas<br \/>\nColocando seus cora\u00e7\u00f5es em tudo<\/p>\n<p style=\"text-align: center;\">E eu n\u00e3o tenho muita certeza<br \/>\nMas continuo tentando passar<br \/>\nCada dia mais r\u00e1pido<br \/>\nAmaldi\u00e7oando e pedindo desculpas<br \/>\nPor todo mal estar causado<\/p>\n<p><iframe loading=\"lazy\" title=\"Dizem\" width=\"500\" height=\"375\" src=\"https:\/\/www.youtube.com\/embed\/tylxu9qwgac?feature=oembed\" frameborder=\"0\" allow=\"accelerometer; autoplay; clipboard-write; encrypted-media; gyroscope; picture-in-picture; web-share\" referrerpolicy=\"strict-origin-when-cross-origin\" allowfullscreen><\/iframe><\/p>\n<p style=\"text-align: center;\"><strong><a href=\"https:\/\/www.screamyell.com.br\/blog\/tag\/umamusicapordia\">UMA M\u00daSICA POR DIA<\/a><\/strong><\/p>\n","protected":false},"excerpt":{"rendered":"<p>DIA 10: &#8220;Uma m\u00fasica que te deixa triste ou, adaptando, Uma m\u00fasica que te acompanha na tristeza&#8221; Como comentei no &#8220;dia 9&#8221;, m\u00fasica sempre me faz feliz. Principalmente as&#8230; tristes. \ud83d\ude42 N\u00e3o consigo pensar em uma m\u00fasica que me traga tristeza, mas elas, muitas vezes, andam de m\u00e3os dadas comigo em dias cinzas, como se [&hellip;]<\/p>\n","protected":false},"author":1,"featured_media":0,"comment_status":"open","ping_status":"open","sticky":false,"template":"","format":"standard","meta":[],"categories":[3],"tags":[375],"_links":{"self":[{"href":"https:\/\/www.screamyell.com.br\/blog\/wp-json\/wp\/v2\/posts\/20635"}],"collection":[{"href":"https:\/\/www.screamyell.com.br\/blog\/wp-json\/wp\/v2\/posts"}],"about":[{"href":"https:\/\/www.screamyell.com.br\/blog\/wp-json\/wp\/v2\/types\/post"}],"author":[{"embeddable":true,"href":"https:\/\/www.screamyell.com.br\/blog\/wp-json\/wp\/v2\/users\/1"}],"replies":[{"embeddable":true,"href":"https:\/\/www.screamyell.com.br\/blog\/wp-json\/wp\/v2\/comments?post=20635"}],"version-history":[{"count":3,"href":"https:\/\/www.screamyell.com.br\/blog\/wp-json\/wp\/v2\/posts\/20635\/revisions"}],"predecessor-version":[{"id":20638,"href":"https:\/\/www.screamyell.com.br\/blog\/wp-json\/wp\/v2\/posts\/20635\/revisions\/20638"}],"wp:attachment":[{"href":"https:\/\/www.screamyell.com.br\/blog\/wp-json\/wp\/v2\/media?parent=20635"}],"wp:term":[{"taxonomy":"category","embeddable":true,"href":"https:\/\/www.screamyell.com.br\/blog\/wp-json\/wp\/v2\/categories?post=20635"},{"taxonomy":"post_tag","embeddable":true,"href":"https:\/\/www.screamyell.com.br\/blog\/wp-json\/wp\/v2\/tags?post=20635"}],"curies":[{"name":"wp","href":"https:\/\/api.w.org\/{rel}","templated":true}]}}