{"id":20563,"date":"2025-11-25T13:38:35","date_gmt":"2025-11-25T16:38:35","guid":{"rendered":"https:\/\/www.screamyell.com.br\/blog\/?p=20563"},"modified":"2026-01-28T13:42:13","modified_gmt":"2026-01-28T16:42:13","slug":"frank-turner-tres-shows-no-brasil-em-2026","status":"publish","type":"post","link":"https:\/\/www.screamyell.com.br\/blog\/2025\/11\/25\/frank-turner-tres-shows-no-brasil-em-2026\/","title":{"rendered":"Frank Turner: tr\u00eas shows no Brasil em 2026"},"content":{"rendered":"<p><img decoding=\"async\" loading=\"lazy\" class=\"aligncenter size-full wp-image-20564\" src=\"http:\/\/www.screamyell.com.br\/blog\/wp-content\/uploads\/2026\/01\/Sem-Titulo-1.jpg\" alt=\"\" width=\"450\" height=\"636\" srcset=\"https:\/\/www.screamyell.com.br\/blog\/wp-content\/uploads\/2026\/01\/Sem-Titulo-1.jpg 450w, https:\/\/www.screamyell.com.br\/blog\/wp-content\/uploads\/2026\/01\/Sem-Titulo-1-212x300.jpg 212w, https:\/\/www.screamyell.com.br\/blog\/wp-content\/uploads\/2026\/01\/Sem-Titulo-1-106x150.jpg 106w\" sizes=\"(max-width: 450px) 100vw, 450px\" \/><\/p>\n<p>Frank Turner, \u00edcone do folk punk, estreia no Brasil com tr\u00eas shows em 2026:<\/p>\n<p>&#8211; S\u00e3o Paulo &#8211; 30\/1 (<a href=\"https:\/\/fastix.com.br\/events\/frank-turner-dave-hause-katacombs\" target=\"_blank\" rel=\"noopener\">ingressos<\/a>)<br \/>\n&#8211; Bras\u00edlia &#8211; 31\/1 (<a href=\"https:\/\/shotgun.live\/pt-br\/events\/frank-turner-em-brasilia\" target=\"_blank\" rel=\"noopener\">ingressos<\/a>)<br \/>\n&#8211; Curitiba &#8211; 1\/2 (<a href=\"https:\/\/meaple.com.br\/belvedere\/frank-turner\" target=\"_blank\" rel=\"noopener\">ingressos<\/a>)<\/p>\n<p>A gente conversou com Frank Turner 10 anos atr\u00e1s. <a href=\"https:\/\/screamyell.com.br\/site\/2015\/03\/26\/entrevista-frank-turner\/\" target=\"_blank\" rel=\"noopener\">Relembre o papo<\/a>!<\/p>\n","protected":false},"excerpt":{"rendered":"<p>Frank Turner, \u00edcone do folk punk, estreia no Brasil com tr\u00eas shows em 2026: &#8211; S\u00e3o Paulo &#8211; 30\/1 (ingressos) &#8211; Bras\u00edlia &#8211; 31\/1 (ingressos) &#8211; Curitiba &#8211; 1\/2 (ingressos) A gente conversou com Frank Turner 10 anos atr\u00e1s. Relembre o papo!<\/p>\n","protected":false},"author":1,"featured_media":0,"comment_status":"open","ping_status":"open","sticky":false,"template":"","format":"standard","meta":[],"categories":[9],"tags":[54],"_links":{"self":[{"href":"https:\/\/www.screamyell.com.br\/blog\/wp-json\/wp\/v2\/posts\/20563"}],"collection":[{"href":"https:\/\/www.screamyell.com.br\/blog\/wp-json\/wp\/v2\/posts"}],"about":[{"href":"https:\/\/www.screamyell.com.br\/blog\/wp-json\/wp\/v2\/types\/post"}],"author":[{"embeddable":true,"href":"https:\/\/www.screamyell.com.br\/blog\/wp-json\/wp\/v2\/users\/1"}],"replies":[{"embeddable":true,"href":"https:\/\/www.screamyell.com.br\/blog\/wp-json\/wp\/v2\/comments?post=20563"}],"version-history":[{"count":1,"href":"https:\/\/www.screamyell.com.br\/blog\/wp-json\/wp\/v2\/posts\/20563\/revisions"}],"predecessor-version":[{"id":20565,"href":"https:\/\/www.screamyell.com.br\/blog\/wp-json\/wp\/v2\/posts\/20563\/revisions\/20565"}],"wp:attachment":[{"href":"https:\/\/www.screamyell.com.br\/blog\/wp-json\/wp\/v2\/media?parent=20563"}],"wp:term":[{"taxonomy":"category","embeddable":true,"href":"https:\/\/www.screamyell.com.br\/blog\/wp-json\/wp\/v2\/categories?post=20563"},{"taxonomy":"post_tag","embeddable":true,"href":"https:\/\/www.screamyell.com.br\/blog\/wp-json\/wp\/v2\/tags?post=20563"}],"curies":[{"name":"wp","href":"https:\/\/api.w.org\/{rel}","templated":true}]}}