{"id":20042,"date":"2025-08-07T17:00:24","date_gmt":"2025-08-07T20:00:24","guid":{"rendered":"https:\/\/www.screamyell.com.br\/blog\/?p=20042"},"modified":"2025-08-11T17:02:58","modified_gmt":"2025-08-11T20:02:58","slug":"scream-yell-e-programa-de-indie-anunciam-a-festa-bretta","status":"publish","type":"post","link":"https:\/\/www.screamyell.com.br\/blog\/2025\/08\/07\/scream-yell-e-programa-de-indie-anunciam-a-festa-bretta\/","title":{"rendered":"Scream &#038; Yell e Programa de Indie anunciam a festa bretta"},"content":{"rendered":"<p><img decoding=\"async\" loading=\"lazy\" class=\"aligncenter size-full wp-image-20043\" src=\"http:\/\/www.screamyell.com.br\/blog\/wp-content\/uploads\/2025\/08\/bretta.jpg\" alt=\"\" width=\"450\" height=\"600\" srcset=\"https:\/\/www.screamyell.com.br\/blog\/wp-content\/uploads\/2025\/08\/bretta.jpg 450w, https:\/\/www.screamyell.com.br\/blog\/wp-content\/uploads\/2025\/08\/bretta-225x300.jpg 225w, https:\/\/www.screamyell.com.br\/blog\/wp-content\/uploads\/2025\/08\/bretta-113x150.jpg 113w\" sizes=\"(max-width: 450px) 100vw, 450px\" \/><\/p>\n<p>Uma das coisas mais legais que a m\u00fasica pode proporcionar s\u00e3o os encontros, uma conven\u00e7\u00e3o social que saiu bastante abalada ap\u00f3s o per\u00edodo pand\u00eamico.<\/p>\n<p>Por isso, Scream &amp; Yell e Programa de Indie resolveram arrega\u00e7ar as mangas, selecionar bandas e artistas que admiramos e estrear uma nova festa: a bretta.<\/p>\n<p>A primeira edi\u00e7\u00e3o est\u00e1 marcada para 23\/8, numa das casas de shows mais bacanas da nova cena independente de S\u00e3o Paulo, A PORTA MALDITA.<\/p>\n<p>A casa abre \u00e0s 20h, os shows come\u00e7am \u00e0s 21h e seguem noite adentro!<\/p>\n<p>Para come\u00e7ar a brincadeira, temos a honra de receber tr\u00eas grandes nomes: Terminal Guadalupe Harmada e Vivian Benford.<\/p>\n<p>Entre os shows, haver\u00e1 ainda DJ Sets da equipe do Scream &amp; Yell e dos apresentadores do Programa de Indie, Bruno Capelas e Igor Muller.<\/p>\n<p>&#x1f39f;&#xfe0f; <a href=\"https:\/\/www.sympla.com.br\/evento\/a-porta-maldita-scream-yell-programa-de-indie-terminal-guadalupe-harmada-vivian-benford\/3065745\" target=\"_blank\" rel=\"noopener\">Ingressos antecipados por R$ 25<\/a>! N\u00e3o deixa para comprar na porta que \u00e9 mais caro (e vai que esgota&#x1f91e;)<\/p>\n<p>&#x1f6aa;Lembrando que A Porta Maldita fica na Rua Lu\u00eds Murat, 400, na Vila Madalena!<\/p>\n<p>Esperamos voc\u00eas!<\/p>\n","protected":false},"excerpt":{"rendered":"<p>Uma das coisas mais legais que a m\u00fasica pode proporcionar s\u00e3o os encontros, uma conven\u00e7\u00e3o social que saiu bastante abalada ap\u00f3s o per\u00edodo pand\u00eamico. Por isso, Scream &amp; Yell e Programa de Indie resolveram arrega\u00e7ar as mangas, selecionar bandas e artistas que admiramos e estrear uma nova festa: a bretta. A primeira edi\u00e7\u00e3o est\u00e1 marcada [&hellip;]<\/p>\n","protected":false},"author":1,"featured_media":0,"comment_status":"open","ping_status":"open","sticky":false,"template":"","format":"standard","meta":[],"categories":[9],"tags":[373,54],"_links":{"self":[{"href":"https:\/\/www.screamyell.com.br\/blog\/wp-json\/wp\/v2\/posts\/20042"}],"collection":[{"href":"https:\/\/www.screamyell.com.br\/blog\/wp-json\/wp\/v2\/posts"}],"about":[{"href":"https:\/\/www.screamyell.com.br\/blog\/wp-json\/wp\/v2\/types\/post"}],"author":[{"embeddable":true,"href":"https:\/\/www.screamyell.com.br\/blog\/wp-json\/wp\/v2\/users\/1"}],"replies":[{"embeddable":true,"href":"https:\/\/www.screamyell.com.br\/blog\/wp-json\/wp\/v2\/comments?post=20042"}],"version-history":[{"count":2,"href":"https:\/\/www.screamyell.com.br\/blog\/wp-json\/wp\/v2\/posts\/20042\/revisions"}],"predecessor-version":[{"id":20045,"href":"https:\/\/www.screamyell.com.br\/blog\/wp-json\/wp\/v2\/posts\/20042\/revisions\/20045"}],"wp:attachment":[{"href":"https:\/\/www.screamyell.com.br\/blog\/wp-json\/wp\/v2\/media?parent=20042"}],"wp:term":[{"taxonomy":"category","embeddable":true,"href":"https:\/\/www.screamyell.com.br\/blog\/wp-json\/wp\/v2\/categories?post=20042"},{"taxonomy":"post_tag","embeddable":true,"href":"https:\/\/www.screamyell.com.br\/blog\/wp-json\/wp\/v2\/tags?post=20042"}],"curies":[{"name":"wp","href":"https:\/\/api.w.org\/{rel}","templated":true}]}}