{"id":19968,"date":"2025-07-24T09:10:22","date_gmt":"2025-07-24T12:10:22","guid":{"rendered":"https:\/\/www.screamyell.com.br\/blog\/?p=19968"},"modified":"2025-07-29T09:14:13","modified_gmt":"2025-07-29T12:14:13","slug":"helado-negro-vem-ao-brasil-em-novembro","status":"publish","type":"post","link":"https:\/\/www.screamyell.com.br\/blog\/2025\/07\/24\/helado-negro-vem-ao-brasil-em-novembro\/","title":{"rendered":"Helado Negro vem ao Brasil em novembro"},"content":{"rendered":"<p><img decoding=\"async\" loading=\"lazy\" class=\"aligncenter size-full wp-image-19969\" src=\"http:\/\/www.screamyell.com.br\/blog\/wp-content\/uploads\/2025\/07\/helado.jpg\" alt=\"\" width=\"450\" height=\"563\" srcset=\"https:\/\/www.screamyell.com.br\/blog\/wp-content\/uploads\/2025\/07\/helado.jpg 450w, https:\/\/www.screamyell.com.br\/blog\/wp-content\/uploads\/2025\/07\/helado-240x300.jpg 240w, https:\/\/www.screamyell.com.br\/blog\/wp-content\/uploads\/2025\/07\/helado-120x150.jpg 120w\" sizes=\"(max-width: 450px) 100vw, 450px\" \/><\/p>\n<p>Helado Negro vem ao Brasil em novembro se apresentar em noite de aquecimento do Balaclava Fest!<\/p>\n<p>O m\u00fasico vem ao pa\u00eds em apresenta\u00e7\u00e3o \u00fanica no dia 7 de novembro, sexta-feira, na Casa Rockambole, localizada no bairro de Pinheiros em S\u00e3o Paulo.<\/p>\n<p>Os ingressos j\u00e1 est\u00e3o \u00e0 venda online no site da Ingresse e presencial, sem taxa de conveni\u00eancia, no Takk\u00f8 Caf\u00e9 (confira os hor\u00e1rios de funcionamento).<\/p>\n<p>Aquecimento Balaclava Fest 2025: Helado Negro em S\u00e3o Paulo<br \/>\nData: 7 de novembro de 2025, sexta-feira<br \/>\nLocal: Casa Rockambole<br \/>\nHor\u00e1rios: Portas 19h \/ Show 21h<br \/>\nIngressos online: <a href=\"https:\/\/www.ingresse.com\/heladonegro\/\" target=\"_blank\" rel=\"noopener\">https:\/\/www.ingresse.com\/heladonegro\/<\/a><\/p>\n<p>Ponto de venda f\u00edsico (sem taxa de conveni\u00eancia):<br \/>\nTakk\u00f8 Caf\u00e9<br \/>\nR. Maj. Sert\u00f3rio, 553 &#8211; Vila Buarque &#8211; S\u00e3o Paulo\/SP<br \/>\nHor\u00e1rios: Ter\u00e7a \u00e0 Sexta, das 8h \u00e0s 17h \/ S\u00e1b, dom e feriados, das 9h \u00e0s 18h.<br \/>\nMais informa\u00e7\u00f5es: <a href=\"https:\/\/www.instagram.com\/takkocafesp\/\" target=\"_blank\" rel=\"noopener\">@takkocafesp<\/a><\/p>\n","protected":false},"excerpt":{"rendered":"<p>Helado Negro vem ao Brasil em novembro se apresentar em noite de aquecimento do Balaclava Fest! O m\u00fasico vem ao pa\u00eds em apresenta\u00e7\u00e3o \u00fanica no dia 7 de novembro, sexta-feira, na Casa Rockambole, localizada no bairro de Pinheiros em S\u00e3o Paulo. Os ingressos j\u00e1 est\u00e3o \u00e0 venda online no site da Ingresse e presencial, sem [&hellip;]<\/p>\n","protected":false},"author":1,"featured_media":0,"comment_status":"open","ping_status":"open","sticky":false,"template":"","format":"standard","meta":[],"categories":[9],"tags":[54],"_links":{"self":[{"href":"https:\/\/www.screamyell.com.br\/blog\/wp-json\/wp\/v2\/posts\/19968"}],"collection":[{"href":"https:\/\/www.screamyell.com.br\/blog\/wp-json\/wp\/v2\/posts"}],"about":[{"href":"https:\/\/www.screamyell.com.br\/blog\/wp-json\/wp\/v2\/types\/post"}],"author":[{"embeddable":true,"href":"https:\/\/www.screamyell.com.br\/blog\/wp-json\/wp\/v2\/users\/1"}],"replies":[{"embeddable":true,"href":"https:\/\/www.screamyell.com.br\/blog\/wp-json\/wp\/v2\/comments?post=19968"}],"version-history":[{"count":1,"href":"https:\/\/www.screamyell.com.br\/blog\/wp-json\/wp\/v2\/posts\/19968\/revisions"}],"predecessor-version":[{"id":19970,"href":"https:\/\/www.screamyell.com.br\/blog\/wp-json\/wp\/v2\/posts\/19968\/revisions\/19970"}],"wp:attachment":[{"href":"https:\/\/www.screamyell.com.br\/blog\/wp-json\/wp\/v2\/media?parent=19968"}],"wp:term":[{"taxonomy":"category","embeddable":true,"href":"https:\/\/www.screamyell.com.br\/blog\/wp-json\/wp\/v2\/categories?post=19968"},{"taxonomy":"post_tag","embeddable":true,"href":"https:\/\/www.screamyell.com.br\/blog\/wp-json\/wp\/v2\/tags?post=19968"}],"curies":[{"name":"wp","href":"https:\/\/api.w.org\/{rel}","templated":true}]}}