{"id":19954,"date":"2025-07-22T13:06:21","date_gmt":"2025-07-22T16:06:21","guid":{"rendered":"https:\/\/www.screamyell.com.br\/blog\/?p=19954"},"modified":"2025-07-23T13:09:14","modified_gmt":"2025-07-23T16:09:14","slug":"mac-de-marco-confirma-show-em-sao-paulo","status":"publish","type":"post","link":"https:\/\/www.screamyell.com.br\/blog\/2025\/07\/22\/mac-de-marco-confirma-show-em-sao-paulo\/","title":{"rendered":"Mac de Marco confirma show em S\u00e3o Paulo"},"content":{"rendered":"<p><img decoding=\"async\" loading=\"lazy\" class=\"aligncenter size-full wp-image-19955\" src=\"http:\/\/www.screamyell.com.br\/blog\/wp-content\/uploads\/2025\/07\/macdemarco.jpg\" alt=\"\" width=\"450\" height=\"563\" srcset=\"https:\/\/www.screamyell.com.br\/blog\/wp-content\/uploads\/2025\/07\/macdemarco.jpg 450w, https:\/\/www.screamyell.com.br\/blog\/wp-content\/uploads\/2025\/07\/macdemarco-240x300.jpg 240w, https:\/\/www.screamyell.com.br\/blog\/wp-content\/uploads\/2025\/07\/macdemarco-120x150.jpg 120w\" sizes=\"(max-width: 450px) 100vw, 450px\" \/><\/p>\n<p>O selo e produtora Balaclava Records anuncia o retorno do m\u00fasico canadense Mac DeMarco ao pa\u00eds em 2026. O show acontecer\u00e1 no dia 4 de abril de 2026, s\u00e1bado, na Audio, em S\u00e3o Paulo.<\/p>\n<p>Os ingressos j\u00e1 est\u00e3o \u00e0 venda online no site da Ingresse, nos setores Pista e Camarote, e presencial &#8211; sem taxa de conveni\u00eancia &#8211; no Takk\u00f8 Caf\u00e9, no bairro Vila Buarque, no centro da capital paulista.<\/p>\n<p><strong>Balaclava apresenta: Mac DeMarco em S\u00e3o Paulo<\/strong><br \/>\nData: 4 de abril de 2026, s\u00e1bado<br \/>\nLocal: Audio<br \/>\nHor\u00e1rios: Portas 20h \/ Show 21h30<br \/>\nIngressos: <a href=\"http:\/\/ingresse.com\/macdemarco-sp\" target=\"_blank\" rel=\"noopener\">http:\/\/ingresse.com\/macdemarco-sp<\/a><\/p>\n<p>Ponto de venda f\u00edsico (sem taxa de conveni\u00eancia):<br \/>\nTakk\u00f8 Caf\u00e9<br \/>\nR. Maj. Sert\u00f3rio, 553 &#8211; Vila Buarque &#8211; S\u00e3o Paulo\/SP<br \/>\nHor\u00e1rios: Ter\u00e7a \u00e0 Sexta, das 8h \u00e0s 17h \/ S\u00e1b, dom e feriados, das 9h \u00e0s 18h.<br \/>\nMais informa\u00e7\u00f5es: <a href=\"https:\/\/www.instagram.com\/takkocafesp\" target=\"_blank\" rel=\"noopener\">@takkocafesp<\/a><\/p>\n<p style=\"text-align: center;\"><a href=\"https:\/\/www.screamyell.com.br\/blog\/tag\/festivais\">+ SHOWS e FESTIVAIS<\/a><\/p>\n","protected":false},"excerpt":{"rendered":"<p>O selo e produtora Balaclava Records anuncia o retorno do m\u00fasico canadense Mac DeMarco ao pa\u00eds em 2026. O show acontecer\u00e1 no dia 4 de abril de 2026, s\u00e1bado, na Audio, em S\u00e3o Paulo. Os ingressos j\u00e1 est\u00e3o \u00e0 venda online no site da Ingresse, nos setores Pista e Camarote, e presencial &#8211; sem taxa [&hellip;]<\/p>\n","protected":false},"author":1,"featured_media":0,"comment_status":"open","ping_status":"open","sticky":false,"template":"","format":"standard","meta":[],"categories":[9],"tags":[54],"_links":{"self":[{"href":"https:\/\/www.screamyell.com.br\/blog\/wp-json\/wp\/v2\/posts\/19954"}],"collection":[{"href":"https:\/\/www.screamyell.com.br\/blog\/wp-json\/wp\/v2\/posts"}],"about":[{"href":"https:\/\/www.screamyell.com.br\/blog\/wp-json\/wp\/v2\/types\/post"}],"author":[{"embeddable":true,"href":"https:\/\/www.screamyell.com.br\/blog\/wp-json\/wp\/v2\/users\/1"}],"replies":[{"embeddable":true,"href":"https:\/\/www.screamyell.com.br\/blog\/wp-json\/wp\/v2\/comments?post=19954"}],"version-history":[{"count":1,"href":"https:\/\/www.screamyell.com.br\/blog\/wp-json\/wp\/v2\/posts\/19954\/revisions"}],"predecessor-version":[{"id":19956,"href":"https:\/\/www.screamyell.com.br\/blog\/wp-json\/wp\/v2\/posts\/19954\/revisions\/19956"}],"wp:attachment":[{"href":"https:\/\/www.screamyell.com.br\/blog\/wp-json\/wp\/v2\/media?parent=19954"}],"wp:term":[{"taxonomy":"category","embeddable":true,"href":"https:\/\/www.screamyell.com.br\/blog\/wp-json\/wp\/v2\/categories?post=19954"},{"taxonomy":"post_tag","embeddable":true,"href":"https:\/\/www.screamyell.com.br\/blog\/wp-json\/wp\/v2\/tags?post=19954"}],"curies":[{"name":"wp","href":"https:\/\/api.w.org\/{rel}","templated":true}]}}