{"id":19950,"date":"2025-07-18T12:59:52","date_gmt":"2025-07-18T15:59:52","guid":{"rendered":"https:\/\/www.screamyell.com.br\/blog\/?p=19950"},"modified":"2025-07-23T13:06:18","modified_gmt":"2025-07-23T16:06:18","slug":"os-horarios-do-the-town-2025","status":"publish","type":"post","link":"https:\/\/www.screamyell.com.br\/blog\/2025\/07\/18\/os-horarios-do-the-town-2025\/","title":{"rendered":"Os hor\u00e1rios do The Town 2025"},"content":{"rendered":"<p><img decoding=\"async\" loading=\"lazy\" class=\"size-full wp-image-19951 aligncenter\" src=\"http:\/\/www.screamyell.com.br\/blog\/wp-content\/uploads\/2025\/07\/thetwon.jpg\" alt=\"\" width=\"450\" height=\"563\" srcset=\"https:\/\/www.screamyell.com.br\/blog\/wp-content\/uploads\/2025\/07\/thetwon.jpg 450w, https:\/\/www.screamyell.com.br\/blog\/wp-content\/uploads\/2025\/07\/thetwon-240x300.jpg 240w, https:\/\/www.screamyell.com.br\/blog\/wp-content\/uploads\/2025\/07\/thetwon-120x150.jpg 120w\" sizes=\"(max-width: 450px) 100vw, 450px\" \/><\/p>\n<p style=\"text-align: center;\"><strong>Eis os hor\u00e1rios do The Town 2025<\/strong><\/p>\n<p style=\"text-align: center;\">\n<strong>6 de setembro (s\u00e1b)<\/strong><br \/>\nPalco SKYLINE<br \/>\n15h50: Filipe Ret<br \/>\n18h10: Burna Boy<br \/>\n20h30: Don Toliver<br \/>\n23h15: Travis Scott<\/p>\n<p style=\"text-align: center;\">THE ONE<br \/>\n14h40: Karol Conk\u00e1 convida Ajuliacosta e Ebony<br \/>\n17h: MC Cabelinho<br \/>\n19h20: Matu\u00ea<br \/>\n21h55: Lauryn Hill com YG Marley e Zion Marley<\/p>\n<p style=\"text-align: center;\">Factory<br \/>\n13h: Budah<br \/>\n14h45: Borges<br \/>\n17h05: Wiu<br \/>\n19h25: Teto<\/p>\n<p style=\"text-align: center;\">Quebrada<br \/>\n18h15: Tasha &amp; Tracie<br \/>\n20h35: MC Hariel<br \/>\nBatalha da Aldeia Superliga The Town<\/p>\n<p style=\"text-align: center;\">S\u00e3o Paulo Square<br \/>\n14h: S\u00e3o Paulo Square Big Band<br \/>\n17h10: SP Square Big Band com Tony Gordon<br \/>\n19h30: Joabe Reis<br \/>\n22h05: Stacey Ryan<\/p>\n<p style=\"text-align: center;\"><strong>7 de setembro (dom)<\/strong><br \/>\nSKYLINE<br \/>\n15h50: Capital Inicial<br \/>\n18h10: Bruce Dickinson<br \/>\n20h30: Sex Pistols<br \/>\n23h15: Green Day<\/p>\n<p style=\"text-align: center;\">THE ONE<br \/>\n14h40: Supla &amp; Inocentes<br \/>\n17h: CPM 22<br \/>\n19h20: Pitty<br \/>\n21h55: Iggy Pop<\/p>\n<p style=\"text-align: center;\">Factory<br \/>\n13h: The M\u00f6nic convida Raidol<br \/>\n14h45: Ready to be hated<br \/>\n17h05: Karina Buhr<br \/>\n19h25: Tihuana<\/p>\n<p style=\"text-align: center;\">Quebrada<br \/>\n15h55: Batalha da Aldeia Superliga The Town<br \/>\n18h15: Punho de Mahin &amp; MC Taya<br \/>\n20h35: Black Pantera<\/p>\n<p style=\"text-align: center;\">S\u00e3o Paulo Square<br \/>\n14h: S\u00e3o Paulo Square Big Band<br \/>\n17h10: SP Square Big Band com Clariana<br \/>\n19h30: Orquestra Mundana Refugi<br \/>\n22h05 Kamasi Washington<\/p>\n<p style=\"text-align: center;\"><strong>12 de setembro (sex)<\/strong><br \/>\nPalco SKYLINE<br \/>\n15h50: Jota Quest<br \/>\n18h10: Ceelo Green<br \/>\n20h30: Jason Derulo<br \/>\n23h15: Backstreet Boys<\/p>\n<p style=\"text-align: center;\">THE ONE<br \/>\n14h40: Di Ferrero<br \/>\n17h: Duda Beat<br \/>\n19h20: Pedro Sampaio<br \/>\n21h55: Lu\u00edsa Sonza<\/p>\n<p style=\"text-align: center;\">Factory<br \/>\n13h: Ka\u00ea Guajajara<br \/>\n14h45: Br\u00f4 Mcs<br \/>\n17h05: Alee<br \/>\n19h25: TZ da Coronel<\/p>\n<p style=\"text-align: center;\">Quebrada<br \/>\n15h55: Batalha da Aldeia Superliga The Town<br \/>\n18h15: Duquesa<br \/>\n20h35: Kayblack<\/p>\n<p style=\"text-align: center;\">S\u00e3o Paulo Square<br \/>\n14h: S\u00e3o Paulo Square Big Band<br \/>\n17h10: SP Square Big Band com Ala\u00edde Costa &amp; Claudette Soares<br \/>\n19h30: Leo Gandelman<br \/>\n22h05: Snarky Puppy<\/p>\n<p style=\"text-align: center;\"><strong>13 de setembro (s\u00e1b)<\/strong><br \/>\nSKYLINE<br \/>\n15h50: Natasha Bedingfield<br \/>\n18h10: Ivete Sangalo<br \/>\n20h30: Jessie J<br \/>\n23h45: Mariah Carey<\/p>\n<p style=\"text-align: center;\">THE ONE<br \/>\n14h40: Os Garotin convida Melly<br \/>\n17h: Priscilla convida Luccas Carlos e The Guetto Heart Choir<br \/>\n19h20: Gl\u00f3ria Groove<br \/>\n21h55: Lionel Richie<\/p>\n<p style=\"text-align: center;\">Factory<br \/>\n13h: Stefanie<br \/>\n14h45: Chefin<br \/>\n17h05: MC Livinho<br \/>\n19h25: Junior<\/p>\n<p style=\"text-align: center;\">Quebrada<br \/>\n15h55: Batalha da Aldeia Superliga The Town<br \/>\n18h15: P\u00e9ricles convida Dexter<br \/>\n20h25: Criolo<\/p>\n<p style=\"text-align: center;\">S\u00e3o Paulo Square<br \/>\n14h: S\u00e3o Paulo Square Big Band<br \/>\n17h10: SP Square Big Band com Analu e Ricardo Arantes<br \/>\n19h30: Vanessa Moreno<br \/>\n22h05: Jacob Collier<\/p>\n<p style=\"text-align: center;\"><strong>14 de setembro (dom)<\/strong><br \/>\nSKYLINE<br \/>\n15h50: Iza<br \/>\n18h10: J Balvin<br \/>\n20h30: Camila Cabello<br \/>\n23h15: Katy Perry<\/p>\n<p style=\"text-align: center;\">THE ONE<br \/>\n14h40: Jota.p\u00ea convida Jo\u00e3o Gomes<br \/>\n17h: Joelma + Dona Onete + Gaby Amarantos + Zaynara<br \/>\n19h20: DENNIS convida T\u00edlia<br \/>\n21h55: Ludmilla<\/p>\n<p style=\"text-align: center;\">Factory<br \/>\n13h: Felipe Cordeiro<br \/>\n14h45: Lambateria Baile Show convida Lia Sophia<br \/>\n17h05: Rachel Reis<br \/>\n19h25: Geraldo Azevedo convida Juliana Linhares<\/p>\n<p style=\"text-align: center;\">Quebrada<br \/>\n15h55: Batalha da Aldeia Superliga The Town<br \/>\n18h15: Orquestra Sinfonia Heli\u00f3polis<br \/>\n20h30: Belo<\/p>\n<p style=\"text-align: center;\">S\u00e3o Paulo Square<br \/>\n14h: S\u00e3o Paulo Square Big Band<br \/>\n17h10: SP Square Big Band com Amanda Maria<br \/>\n19h30: Jo\u00e3o Bosco Quarteto<br \/>\n22h05: Jacob Collier<\/p>\n<p style=\"text-align: center;\"><a href=\"https:\/\/www.screamyell.com.br\/blog\/tag\/festivais\">+ SHOWS e FESTIVAIS<\/a><\/p>\n","protected":false},"excerpt":{"rendered":"<p>Eis os hor\u00e1rios do The Town 2025 6 de setembro (s\u00e1b) Palco SKYLINE 15h50: Filipe Ret 18h10: Burna Boy 20h30: Don Toliver 23h15: Travis Scott THE ONE 14h40: Karol Conk\u00e1 convida Ajuliacosta e Ebony 17h: MC Cabelinho 19h20: Matu\u00ea 21h55: Lauryn Hill com YG Marley e Zion Marley Factory 13h: Budah 14h45: Borges 17h05: Wiu [&hellip;]<\/p>\n","protected":false},"author":1,"featured_media":0,"comment_status":"open","ping_status":"open","sticky":false,"template":"","format":"standard","meta":[],"categories":[9],"tags":[54],"_links":{"self":[{"href":"https:\/\/www.screamyell.com.br\/blog\/wp-json\/wp\/v2\/posts\/19950"}],"collection":[{"href":"https:\/\/www.screamyell.com.br\/blog\/wp-json\/wp\/v2\/posts"}],"about":[{"href":"https:\/\/www.screamyell.com.br\/blog\/wp-json\/wp\/v2\/types\/post"}],"author":[{"embeddable":true,"href":"https:\/\/www.screamyell.com.br\/blog\/wp-json\/wp\/v2\/users\/1"}],"replies":[{"embeddable":true,"href":"https:\/\/www.screamyell.com.br\/blog\/wp-json\/wp\/v2\/comments?post=19950"}],"version-history":[{"count":2,"href":"https:\/\/www.screamyell.com.br\/blog\/wp-json\/wp\/v2\/posts\/19950\/revisions"}],"predecessor-version":[{"id":19953,"href":"https:\/\/www.screamyell.com.br\/blog\/wp-json\/wp\/v2\/posts\/19950\/revisions\/19953"}],"wp:attachment":[{"href":"https:\/\/www.screamyell.com.br\/blog\/wp-json\/wp\/v2\/media?parent=19950"}],"wp:term":[{"taxonomy":"category","embeddable":true,"href":"https:\/\/www.screamyell.com.br\/blog\/wp-json\/wp\/v2\/categories?post=19950"},{"taxonomy":"post_tag","embeddable":true,"href":"https:\/\/www.screamyell.com.br\/blog\/wp-json\/wp\/v2\/tags?post=19950"}],"curies":[{"name":"wp","href":"https:\/\/api.w.org\/{rel}","templated":true}]}}