{"id":19916,"date":"2025-07-10T13:56:56","date_gmt":"2025-07-10T16:56:56","guid":{"rendered":"https:\/\/www.screamyell.com.br\/blog\/?p=19916"},"modified":"2025-07-18T13:59:56","modified_gmt":"2025-07-18T16:59:56","slug":"festival-coma-2025-anuncia-line-up","status":"publish","type":"post","link":"https:\/\/www.screamyell.com.br\/blog\/2025\/07\/10\/festival-coma-2025-anuncia-line-up\/","title":{"rendered":"Festival Coma 2025 anuncia line-up"},"content":{"rendered":"<p><img decoding=\"async\" loading=\"lazy\" class=\"aligncenter size-full wp-image-19917\" src=\"http:\/\/www.screamyell.com.br\/blog\/wp-content\/uploads\/2025\/07\/coma.jpg\" alt=\"\" width=\"450\" height=\"563\" srcset=\"https:\/\/www.screamyell.com.br\/blog\/wp-content\/uploads\/2025\/07\/coma.jpg 450w, https:\/\/www.screamyell.com.br\/blog\/wp-content\/uploads\/2025\/07\/coma-240x300.jpg 240w, https:\/\/www.screamyell.com.br\/blog\/wp-content\/uploads\/2025\/07\/coma-120x150.jpg 120w\" sizes=\"(max-width: 450px) 100vw, 450px\" \/><\/p>\n<p>O Festival Coma, que rola de 16 a 24 de agosto no CCBB Bras\u00edlia, Espa\u00e7o Cultural Renato Russo e Complexo Cultural da Rep\u00fablica, anuncia seu line-up!<\/p>\n<p>Acompanhe em @<a href=\"https:\/\/www.instagram.com\/festivalcoma\" target=\"_blank\" rel=\"noopener\">festivalcoma<\/a><\/p>\n<p style=\"text-align: center;\"><a href=\"https:\/\/www.screamyell.com.br\/blog\/tag\/festivais\">+ SHOWS e FESTIVAIS<\/a><\/p>\n","protected":false},"excerpt":{"rendered":"<p>O Festival Coma, que rola de 16 a 24 de agosto no CCBB Bras\u00edlia, Espa\u00e7o Cultural Renato Russo e Complexo Cultural da Rep\u00fablica, anuncia seu line-up! Acompanhe em @festivalcoma + SHOWS e FESTIVAIS<\/p>\n","protected":false},"author":1,"featured_media":0,"comment_status":"open","ping_status":"open","sticky":false,"template":"","format":"standard","meta":[],"categories":[9],"tags":[54],"_links":{"self":[{"href":"https:\/\/www.screamyell.com.br\/blog\/wp-json\/wp\/v2\/posts\/19916"}],"collection":[{"href":"https:\/\/www.screamyell.com.br\/blog\/wp-json\/wp\/v2\/posts"}],"about":[{"href":"https:\/\/www.screamyell.com.br\/blog\/wp-json\/wp\/v2\/types\/post"}],"author":[{"embeddable":true,"href":"https:\/\/www.screamyell.com.br\/blog\/wp-json\/wp\/v2\/users\/1"}],"replies":[{"embeddable":true,"href":"https:\/\/www.screamyell.com.br\/blog\/wp-json\/wp\/v2\/comments?post=19916"}],"version-history":[{"count":1,"href":"https:\/\/www.screamyell.com.br\/blog\/wp-json\/wp\/v2\/posts\/19916\/revisions"}],"predecessor-version":[{"id":19918,"href":"https:\/\/www.screamyell.com.br\/blog\/wp-json\/wp\/v2\/posts\/19916\/revisions\/19918"}],"wp:attachment":[{"href":"https:\/\/www.screamyell.com.br\/blog\/wp-json\/wp\/v2\/media?parent=19916"}],"wp:term":[{"taxonomy":"category","embeddable":true,"href":"https:\/\/www.screamyell.com.br\/blog\/wp-json\/wp\/v2\/categories?post=19916"},{"taxonomy":"post_tag","embeddable":true,"href":"https:\/\/www.screamyell.com.br\/blog\/wp-json\/wp\/v2\/tags?post=19916"}],"curies":[{"name":"wp","href":"https:\/\/api.w.org\/{rel}","templated":true}]}}