{"id":19905,"date":"2025-07-05T13:37:43","date_gmt":"2025-07-05T16:37:43","guid":{"rendered":"https:\/\/www.screamyell.com.br\/blog\/?p=19905"},"modified":"2025-07-18T13:39:49","modified_gmt":"2025-07-18T16:39:49","slug":"angelique-kidjo-confirma-show-em-brasilia","status":"publish","type":"post","link":"https:\/\/www.screamyell.com.br\/blog\/2025\/07\/05\/angelique-kidjo-confirma-show-em-brasilia\/","title":{"rendered":"Ang\u00e9lique Kidjo confirma show em Bras\u00edlia"},"content":{"rendered":"<p><img decoding=\"async\" loading=\"lazy\" class=\"aligncenter size-full wp-image-19907\" src=\"http:\/\/www.screamyell.com.br\/blog\/wp-content\/uploads\/2025\/07\/kidjo.jpg\" alt=\"\" width=\"450\" height=\"600\" srcset=\"https:\/\/www.screamyell.com.br\/blog\/wp-content\/uploads\/2025\/07\/kidjo.jpg 450w, https:\/\/www.screamyell.com.br\/blog\/wp-content\/uploads\/2025\/07\/kidjo-225x300.jpg 225w, https:\/\/www.screamyell.com.br\/blog\/wp-content\/uploads\/2025\/07\/kidjo-113x150.jpg 113w\" sizes=\"(max-width: 450px) 100vw, 450px\" \/><\/p>\n<p>O Festival Converg\u00eancias, em Bras\u00edlia, anuncia show de Ang\u00e9lique Kidjo dia 21\/8!<\/p>\n<p>Com dez \u00e1lbuns lan\u00e7ados e cinco Grammys, a cantora \u00e9 uma das atra\u00e7\u00f5es confirmadas para o festival que celebra os 200 anos de parceria diplom\u00e1tica entre Brasil-Fran\u00e7a!<\/p>\n<p>No perfil deles, voc\u00ea pode conferir a programa\u00e7\u00e3o completa, que est\u00e1 muito bacana: <a href=\"https:\/\/www.instagram.com\/festivalconvergencias\" target=\"_blank\" rel=\"noopener\">instagram.com\/festivalconvergencias<\/a><\/p>\n<p style=\"text-align: center;\"><a href=\"https:\/\/www.screamyell.com.br\/blog\/tag\/festivais\">+ SHOWS e FESTIVAIS<\/a><\/p>\n","protected":false},"excerpt":{"rendered":"<p>O Festival Converg\u00eancias, em Bras\u00edlia, anuncia show de Ang\u00e9lique Kidjo dia 21\/8! Com dez \u00e1lbuns lan\u00e7ados e cinco Grammys, a cantora \u00e9 uma das atra\u00e7\u00f5es confirmadas para o festival que celebra os 200 anos de parceria diplom\u00e1tica entre Brasil-Fran\u00e7a! No perfil deles, voc\u00ea pode conferir a programa\u00e7\u00e3o completa, que est\u00e1 muito bacana: instagram.com\/festivalconvergencias + SHOWS [&hellip;]<\/p>\n","protected":false},"author":1,"featured_media":0,"comment_status":"open","ping_status":"open","sticky":false,"template":"","format":"standard","meta":[],"categories":[9],"tags":[54],"_links":{"self":[{"href":"https:\/\/www.screamyell.com.br\/blog\/wp-json\/wp\/v2\/posts\/19905"}],"collection":[{"href":"https:\/\/www.screamyell.com.br\/blog\/wp-json\/wp\/v2\/posts"}],"about":[{"href":"https:\/\/www.screamyell.com.br\/blog\/wp-json\/wp\/v2\/types\/post"}],"author":[{"embeddable":true,"href":"https:\/\/www.screamyell.com.br\/blog\/wp-json\/wp\/v2\/users\/1"}],"replies":[{"embeddable":true,"href":"https:\/\/www.screamyell.com.br\/blog\/wp-json\/wp\/v2\/comments?post=19905"}],"version-history":[{"count":2,"href":"https:\/\/www.screamyell.com.br\/blog\/wp-json\/wp\/v2\/posts\/19905\/revisions"}],"predecessor-version":[{"id":19908,"href":"https:\/\/www.screamyell.com.br\/blog\/wp-json\/wp\/v2\/posts\/19905\/revisions\/19908"}],"wp:attachment":[{"href":"https:\/\/www.screamyell.com.br\/blog\/wp-json\/wp\/v2\/media?parent=19905"}],"wp:term":[{"taxonomy":"category","embeddable":true,"href":"https:\/\/www.screamyell.com.br\/blog\/wp-json\/wp\/v2\/categories?post=19905"},{"taxonomy":"post_tag","embeddable":true,"href":"https:\/\/www.screamyell.com.br\/blog\/wp-json\/wp\/v2\/tags?post=19905"}],"curies":[{"name":"wp","href":"https:\/\/api.w.org\/{rel}","templated":true}]}}