{"id":19854,"date":"2025-06-17T10:32:15","date_gmt":"2025-06-17T13:32:15","guid":{"rendered":"https:\/\/www.screamyell.com.br\/blog\/?p=19854"},"modified":"2025-06-27T10:34:14","modified_gmt":"2025-06-27T13:34:14","slug":"wilco-em-um-resort-mexicano","status":"publish","type":"post","link":"https:\/\/www.screamyell.com.br\/blog\/2025\/06\/17\/wilco-em-um-resort-mexicano\/","title":{"rendered":"Wilco em um resort mexicano"},"content":{"rendered":"<p><img decoding=\"async\" loading=\"lazy\" class=\"aligncenter size-full wp-image-19855\" src=\"http:\/\/www.screamyell.com.br\/blog\/wp-content\/uploads\/2025\/06\/z5.jpg\" alt=\"\" width=\"450\" height=\"529\" srcset=\"https:\/\/www.screamyell.com.br\/blog\/wp-content\/uploads\/2025\/06\/z5.jpg 450w, https:\/\/www.screamyell.com.br\/blog\/wp-content\/uploads\/2025\/06\/z5-255x300.jpg 255w, https:\/\/www.screamyell.com.br\/blog\/wp-content\/uploads\/2025\/06\/z5-128x150.jpg 128w\" sizes=\"(max-width: 450px) 100vw, 450px\" \/><\/p>\n<p>O Wilco, que \u00e9 destaque na capa do Scream &amp; Yell hoje (s\u00e3o v\u00e1rios os momentos imperd\u00edveis da conversa da banda com a imprensa em S\u00e3o Paulo pr\u00e9-C6 Fest &#8211; <a href=\"https:\/\/screamyell.com.br\/site\/2025\/06\/17\/jeff-tweedy-desafio-qualquer-ia-a-arrasar-no-palco-do-mesmo-jeito-que-o-wilco\/\" target=\"_blank\" rel=\"noopener\">n\u00e3o deixe de ler<\/a>!!), anunciou o line-up completo da edi\u00e7\u00e3o 2026 de seu festival Sky Blue Sky, com &#8220;4 noites repletas de m\u00fasica, workshops, comodidades com tudo inclu\u00eddo e muito mais&#8221;, em um resort no M\u00e9xico.<\/p>\n<p>Segundo Jeff Tweedy, &#8220;esta \u00e9 a melhor chance de ver a banda de shorts. N\u00e3o podemos garantir isso, mas prometemos que voc\u00eas n\u00e3o v\u00e3o querer perder essa programa\u00e7\u00e3o!!&#8221;<\/p>\n<p>S\u00e9rio, que line-up incr\u00edvel. Coisa linda!<\/p>\n<p style=\"text-align: center;\"><a href=\"https:\/\/www.screamyell.com.br\/blog\/tag\/festivais\">+ SHOWS e FESTIVAIS<\/a><\/p>\n","protected":false},"excerpt":{"rendered":"<p>O Wilco, que \u00e9 destaque na capa do Scream &amp; Yell hoje (s\u00e3o v\u00e1rios os momentos imperd\u00edveis da conversa da banda com a imprensa em S\u00e3o Paulo pr\u00e9-C6 Fest &#8211; n\u00e3o deixe de ler!!), anunciou o line-up completo da edi\u00e7\u00e3o 2026 de seu festival Sky Blue Sky, com &#8220;4 noites repletas de m\u00fasica, workshops, comodidades [&hellip;]<\/p>\n","protected":false},"author":1,"featured_media":0,"comment_status":"open","ping_status":"open","sticky":false,"template":"","format":"standard","meta":[],"categories":[9],"tags":[54],"_links":{"self":[{"href":"https:\/\/www.screamyell.com.br\/blog\/wp-json\/wp\/v2\/posts\/19854"}],"collection":[{"href":"https:\/\/www.screamyell.com.br\/blog\/wp-json\/wp\/v2\/posts"}],"about":[{"href":"https:\/\/www.screamyell.com.br\/blog\/wp-json\/wp\/v2\/types\/post"}],"author":[{"embeddable":true,"href":"https:\/\/www.screamyell.com.br\/blog\/wp-json\/wp\/v2\/users\/1"}],"replies":[{"embeddable":true,"href":"https:\/\/www.screamyell.com.br\/blog\/wp-json\/wp\/v2\/comments?post=19854"}],"version-history":[{"count":1,"href":"https:\/\/www.screamyell.com.br\/blog\/wp-json\/wp\/v2\/posts\/19854\/revisions"}],"predecessor-version":[{"id":19856,"href":"https:\/\/www.screamyell.com.br\/blog\/wp-json\/wp\/v2\/posts\/19854\/revisions\/19856"}],"wp:attachment":[{"href":"https:\/\/www.screamyell.com.br\/blog\/wp-json\/wp\/v2\/media?parent=19854"}],"wp:term":[{"taxonomy":"category","embeddable":true,"href":"https:\/\/www.screamyell.com.br\/blog\/wp-json\/wp\/v2\/categories?post=19854"},{"taxonomy":"post_tag","embeddable":true,"href":"https:\/\/www.screamyell.com.br\/blog\/wp-json\/wp\/v2\/tags?post=19854"}],"curies":[{"name":"wp","href":"https:\/\/api.w.org\/{rel}","templated":true}]}}