{"id":19827,"date":"2025-06-27T10:02:30","date_gmt":"2025-06-27T13:02:30","guid":{"rendered":"https:\/\/www.screamyell.com.br\/blog\/?p=19827"},"modified":"2025-06-27T10:03:55","modified_gmt":"2025-06-27T13:03:55","slug":"teenage-fanclub-em-bue-primavera-sound-club","status":"publish","type":"post","link":"https:\/\/www.screamyell.com.br\/blog\/2025\/06\/27\/teenage-fanclub-em-bue-primavera-sound-club\/","title":{"rendered":"Teenage Fanclub em Bue: Primavera Club"},"content":{"rendered":"<p><img decoding=\"async\" loading=\"lazy\" class=\"aligncenter size-full wp-image-19828\" src=\"http:\/\/www.screamyell.com.br\/blog\/wp-content\/uploads\/2025\/06\/teenage.jpg\" alt=\"\" width=\"450\" height=\"563\" srcset=\"https:\/\/www.screamyell.com.br\/blog\/wp-content\/uploads\/2025\/06\/teenage.jpg 450w, https:\/\/www.screamyell.com.br\/blog\/wp-content\/uploads\/2025\/06\/teenage-240x300.jpg 240w, https:\/\/www.screamyell.com.br\/blog\/wp-content\/uploads\/2025\/06\/teenage-120x150.jpg 120w\" sizes=\"(max-width: 450px) 100vw, 450px\" \/><\/p>\n<p>Teenage Fanclub confirma show em Buenos Aires&#8230;<\/p>\n<p>At\u00e9 a\u00ed, tudo bem.<\/p>\n<p>Mas tem um detalhe: na Argentina, o show do Teenage tem a chancela do Primavera Sound (que, depois dos an\u00fancios de hoje, todo indie brasileiro t\u00e1 pedindo pra renascer e nos salvar!)<\/p>\n<p>O Primavera Club Teenage Fanclub ir\u00e1 rolar dia 9 de setembro!<\/p>\n<p>No Brasil, o Primavera Sound havia assinado um contrato de 10 anos com a T4F, mas o festival naufragou em sua terceira edi\u00e7\u00e3o, com muita gente culpando a produtora brasileira pelo infort\u00fanio do festival espanhol em nossdas terras.<\/p>\n<p>O Teenage, voc\u00ea sabe, toca no Circo Voador dia 3\/9, no Cine Joia no dia 4\/9, e est\u00e1 dividindo esse cartaz lind\u00e3o abaixo do Se Rasgum, em Bel\u00e9m, com Valeska Popozuda, dia 6\/9.<\/p>\n<p style=\"text-align: center;\"><a href=\"https:\/\/www.screamyell.com.br\/blog\/tag\/festivais\">+ FESTIVAIS<\/a><\/p>\n<p><img decoding=\"async\" loading=\"lazy\" class=\"aligncenter size-full wp-image-19829\" src=\"http:\/\/www.screamyell.com.br\/blog\/wp-content\/uploads\/2025\/06\/serasgum.jpg\" alt=\"\" width=\"450\" height=\"799\" srcset=\"https:\/\/www.screamyell.com.br\/blog\/wp-content\/uploads\/2025\/06\/serasgum.jpg 450w, https:\/\/www.screamyell.com.br\/blog\/wp-content\/uploads\/2025\/06\/serasgum-169x300.jpg 169w, https:\/\/www.screamyell.com.br\/blog\/wp-content\/uploads\/2025\/06\/serasgum-84x150.jpg 84w\" sizes=\"(max-width: 450px) 100vw, 450px\" \/><\/p>\n","protected":false},"excerpt":{"rendered":"<p>Teenage Fanclub confirma show em Buenos Aires&#8230; At\u00e9 a\u00ed, tudo bem. Mas tem um detalhe: na Argentina, o show do Teenage tem a chancela do Primavera Sound (que, depois dos an\u00fancios de hoje, todo indie brasileiro t\u00e1 pedindo pra renascer e nos salvar!) O Primavera Club Teenage Fanclub ir\u00e1 rolar dia 9 de setembro! No [&hellip;]<\/p>\n","protected":false},"author":1,"featured_media":0,"comment_status":"open","ping_status":"open","sticky":false,"template":"","format":"standard","meta":[],"categories":[9],"tags":[54],"_links":{"self":[{"href":"https:\/\/www.screamyell.com.br\/blog\/wp-json\/wp\/v2\/posts\/19827"}],"collection":[{"href":"https:\/\/www.screamyell.com.br\/blog\/wp-json\/wp\/v2\/posts"}],"about":[{"href":"https:\/\/www.screamyell.com.br\/blog\/wp-json\/wp\/v2\/types\/post"}],"author":[{"embeddable":true,"href":"https:\/\/www.screamyell.com.br\/blog\/wp-json\/wp\/v2\/users\/1"}],"replies":[{"embeddable":true,"href":"https:\/\/www.screamyell.com.br\/blog\/wp-json\/wp\/v2\/comments?post=19827"}],"version-history":[{"count":3,"href":"https:\/\/www.screamyell.com.br\/blog\/wp-json\/wp\/v2\/posts\/19827\/revisions"}],"predecessor-version":[{"id":19832,"href":"https:\/\/www.screamyell.com.br\/blog\/wp-json\/wp\/v2\/posts\/19827\/revisions\/19832"}],"wp:attachment":[{"href":"https:\/\/www.screamyell.com.br\/blog\/wp-json\/wp\/v2\/media?parent=19827"}],"wp:term":[{"taxonomy":"category","embeddable":true,"href":"https:\/\/www.screamyell.com.br\/blog\/wp-json\/wp\/v2\/categories?post=19827"},{"taxonomy":"post_tag","embeddable":true,"href":"https:\/\/www.screamyell.com.br\/blog\/wp-json\/wp\/v2\/tags?post=19827"}],"curies":[{"name":"wp","href":"https:\/\/api.w.org\/{rel}","templated":true}]}}