{"id":19295,"date":"2023-03-16T00:25:50","date_gmt":"2023-03-16T03:25:50","guid":{"rendered":"http:\/\/www.screamyell.com.br\/blog\/?p=19295"},"modified":"2023-03-16T00:35:47","modified_gmt":"2023-03-16T03:35:47","slug":"bate-papo-no-podcast-pos-jovem","status":"publish","type":"post","link":"https:\/\/www.screamyell.com.br\/blog\/2023\/03\/16\/bate-papo-no-podcast-pos-jovem\/","title":{"rendered":"Bate papo no podcast P\u00f3s-Jovem"},"content":{"rendered":"<p>Adoro o P\u00f3s-Jovem, e admiro como o Andr\u00e9 Felipe conduz o podcast. Eu tinha tanta vontade de participar que fiquei enrolando quase tr\u00eas anos esperando &#8220;o momento&#8221;, a hora certa, e, bem, chegou num momento em que t\u00f4 completamente perdido, mas amei o papo: Ou\u00e7a: <a href=\"http:\/\/spoti.fi\/3TdFKLw\" target=\"_blank\" rel=\"noopener\">http:\/\/spoti.fi\/3TdFKLw<\/a> &#x1f49b;<\/p>\n<p><img decoding=\"async\" loading=\"lazy\" class=\"size-full wp-image-19297 aligncenter\" src=\"http:\/\/www.screamyell.com.br\/blog\/wp-content\/uploads\/2023\/03\/mac2.jpg\" alt=\"\" width=\"450\" height=\"450\" srcset=\"https:\/\/www.screamyell.com.br\/blog\/wp-content\/uploads\/2023\/03\/mac2.jpg 450w, https:\/\/www.screamyell.com.br\/blog\/wp-content\/uploads\/2023\/03\/mac2-300x300.jpg 300w, https:\/\/www.screamyell.com.br\/blog\/wp-content\/uploads\/2023\/03\/mac2-150x150.jpg 150w\" sizes=\"(max-width: 450px) 100vw, 450px\" \/><\/p>\n<p><em>Refer\u00eancia para toda uma gera\u00e7\u00e3o do jornalismo cultural no Brasil, Marcelo Costa em pessoa vem ao podcast contar como as experi\u00eancias nesses 23 anos de site moldaram sua vida, assim como a paternidade transformou sua pessoa nos \u00faltimos quatro anos: <a href=\"https:\/\/spoti.fi\/3TdFKLw\" target=\"_blank\" rel=\"noopener\">https:\/\/spoti.fi\/3TdFKLw<\/a> &#x1f49b;<\/em><\/p>\n","protected":false},"excerpt":{"rendered":"<p>Adoro o P\u00f3s-Jovem, e admiro como o Andr\u00e9 Felipe conduz o podcast. Eu tinha tanta vontade de participar que fiquei enrolando quase tr\u00eas anos esperando &#8220;o momento&#8221;, a hora certa, e, bem, chegou num momento em que t\u00f4 completamente perdido, mas amei o papo: Ou\u00e7a: http:\/\/spoti.fi\/3TdFKLw &#x1f49b; Refer\u00eancia para toda uma gera\u00e7\u00e3o do jornalismo cultural [&hellip;]<\/p>\n","protected":false},"author":1,"featured_media":0,"comment_status":"open","ping_status":"open","sticky":false,"template":"","format":"standard","meta":[],"categories":[50,31,42],"tags":[],"_links":{"self":[{"href":"https:\/\/www.screamyell.com.br\/blog\/wp-json\/wp\/v2\/posts\/19295"}],"collection":[{"href":"https:\/\/www.screamyell.com.br\/blog\/wp-json\/wp\/v2\/posts"}],"about":[{"href":"https:\/\/www.screamyell.com.br\/blog\/wp-json\/wp\/v2\/types\/post"}],"author":[{"embeddable":true,"href":"https:\/\/www.screamyell.com.br\/blog\/wp-json\/wp\/v2\/users\/1"}],"replies":[{"embeddable":true,"href":"https:\/\/www.screamyell.com.br\/blog\/wp-json\/wp\/v2\/comments?post=19295"}],"version-history":[{"count":4,"href":"https:\/\/www.screamyell.com.br\/blog\/wp-json\/wp\/v2\/posts\/19295\/revisions"}],"predecessor-version":[{"id":19301,"href":"https:\/\/www.screamyell.com.br\/blog\/wp-json\/wp\/v2\/posts\/19295\/revisions\/19301"}],"wp:attachment":[{"href":"https:\/\/www.screamyell.com.br\/blog\/wp-json\/wp\/v2\/media?parent=19295"}],"wp:term":[{"taxonomy":"category","embeddable":true,"href":"https:\/\/www.screamyell.com.br\/blog\/wp-json\/wp\/v2\/categories?post=19295"},{"taxonomy":"post_tag","embeddable":true,"href":"https:\/\/www.screamyell.com.br\/blog\/wp-json\/wp\/v2\/tags?post=19295"}],"curies":[{"name":"wp","href":"https:\/\/api.w.org\/{rel}","templated":true}]}}