{"id":15235,"date":"2017-05-31T11:08:58","date_gmt":"2017-05-31T14:08:58","guid":{"rendered":"https:\/\/screamyell.com.br\/blog\/?p=15235"},"modified":"2017-05-31T11:18:30","modified_gmt":"2017-05-31T14:18:30","slug":"primeiro-teaser-do-tributo-ao-skank","status":"publish","type":"post","link":"https:\/\/www.screamyell.com.br\/blog\/2017\/05\/31\/primeiro-teaser-do-tributo-ao-skank\/","title":{"rendered":"Primeiro teaser do tributo ao Skank"},"content":{"rendered":"<p><img decoding=\"async\" class=\"aligncenter\" src=\"https:\/\/screamyell.com.br\/site\/wp-content\/uploads\/2017\/05\/doislados.jpg\" \/><\/p>\n<p>Em junho, o Scream &amp; Yell libera para download gratuito e audi\u00e7\u00e3o online &#8220;Dois Lados&#8221;, nosso tributo ao Skank. O projeto \u00e9 idealizado e produzido pelo mineiro Pedro Ferreira, respons\u00e1vel pela homenagem ao Los Hermanos em 2012, a colet\u00e2nea \u201c<a href=\"https:\/\/soundcloud.com\/coletanearetrato\" target=\"_blank\" rel=\"noopener noreferrer\">Re-Trato<\/a>\u201d, e pela homenagem a Milton Nascimento e o Clube da Esquina em 2015, a colet\u00e2nea \u201c<a href=\"https:\/\/screamyell.com.br\/site\/2015\/06\/10\/download-tributo-a-milton-nascimento\/\">Mil Tom<\/a>\u201d, tamb\u00e9m lan\u00e7ada no Scream &amp; Yell. O disco contar\u00e1 com a arte de Luyse Costa, ilustradora encarregada pelo projeto gr\u00e1fico dessas homenagens, e <a href=\"https:\/\/screamyell.com.br\/site\/2017\/03\/20\/em-junho-nova-geracao-reverencia-skank\/\" target=\"_blank\" rel=\"noopener noreferrer\">mais de 30 convidados revisitando o repert\u00f3rio do Skank<\/a>. Ontem, o site <a href=\"https:\/\/www.facebook.com\/br4sileirissimos\/videos\/1573865436035333\/\" target=\"_blank\" rel=\"noopener noreferrer\">Brasileir\u00edssimos<\/a> liberou o registro do primeiro teaser do projeto, com uma banda que amamos muito, Transmissor. Assista abaixo.<\/p>\n<p><iframe loading=\"lazy\" style=\"border: none; overflow: hidden;\" src=\"https:\/\/www.facebook.com\/plugins\/video.php?href=https%3A%2F%2Fwww.facebook.com%2Fbr4sileirissimos%2Fvideos%2F1573865436035333%2F&amp;width=450&amp;show_text=false&amp;appId=198904993919863&amp;height=252\" width=\"450\" height=\"252\" frameborder=\"0\" scrolling=\"no\"><\/iframe><\/p>\n","protected":false},"excerpt":{"rendered":"<p>Em junho, o Scream &amp; Yell libera para download gratuito e audi\u00e7\u00e3o online &#8220;Dois Lados&#8221;, nosso tributo ao Skank. O projeto \u00e9 idealizado e produzido pelo mineiro Pedro Ferreira, respons\u00e1vel pela homenagem ao Los Hermanos em 2012, a colet\u00e2nea \u201cRe-Trato\u201d, e pela homenagem a Milton Nascimento e o Clube da Esquina em 2015, a colet\u00e2nea [&hellip;]<\/p>\n","protected":false},"author":2,"featured_media":0,"comment_status":"open","ping_status":"open","sticky":false,"template":"","format":"standard","meta":[],"categories":[3],"tags":[103],"_links":{"self":[{"href":"https:\/\/www.screamyell.com.br\/blog\/wp-json\/wp\/v2\/posts\/15235"}],"collection":[{"href":"https:\/\/www.screamyell.com.br\/blog\/wp-json\/wp\/v2\/posts"}],"about":[{"href":"https:\/\/www.screamyell.com.br\/blog\/wp-json\/wp\/v2\/types\/post"}],"author":[{"embeddable":true,"href":"https:\/\/www.screamyell.com.br\/blog\/wp-json\/wp\/v2\/users\/2"}],"replies":[{"embeddable":true,"href":"https:\/\/www.screamyell.com.br\/blog\/wp-json\/wp\/v2\/comments?post=15235"}],"version-history":[{"count":3,"href":"https:\/\/www.screamyell.com.br\/blog\/wp-json\/wp\/v2\/posts\/15235\/revisions"}],"predecessor-version":[{"id":15238,"href":"https:\/\/www.screamyell.com.br\/blog\/wp-json\/wp\/v2\/posts\/15235\/revisions\/15238"}],"wp:attachment":[{"href":"https:\/\/www.screamyell.com.br\/blog\/wp-json\/wp\/v2\/media?parent=15235"}],"wp:term":[{"taxonomy":"category","embeddable":true,"href":"https:\/\/www.screamyell.com.br\/blog\/wp-json\/wp\/v2\/categories?post=15235"},{"taxonomy":"post_tag","embeddable":true,"href":"https:\/\/www.screamyell.com.br\/blog\/wp-json\/wp\/v2\/tags?post=15235"}],"curies":[{"name":"wp","href":"https:\/\/api.w.org\/{rel}","templated":true}]}}