{"id":15040,"date":"2017-04-13T05:01:24","date_gmt":"2017-04-13T08:01:24","guid":{"rendered":"https:\/\/screamyell.com.br\/blog\/?p=15040"},"modified":"2017-04-20T10:50:04","modified_gmt":"2017-04-20T13:50:04","slug":"download-scream-yell-02-janeiro-1999","status":"publish","type":"post","link":"https:\/\/www.screamyell.com.br\/blog\/2017\/04\/13\/download-scream-yell-02-janeiro-1999\/","title":{"rendered":"Download: Scream &#038; Yell 02 (Janeiro 1999)"},"content":{"rendered":"<p><img decoding=\"async\" class=\"aligncenter\" src=\"https:\/\/screamyell.com.br\/site\/wp-content\/uploads\/2017\/04\/scream20.jpg\" \/><\/p>\n<p>A segunda edi\u00e7\u00e3o do fanzine Scream &amp; Yell foi burilada no segundo semestre de 1998, enquanto eu preparava meu projeto de conclus\u00e3o de curso na Faculdade de Comunica\u00e7\u00e3o da Universidade de Taubat\u00e9. Eu trabalhava como auxiliar de biblioteca na Faculdade de Direito, e <a href=\"https:\/\/screamyell.com.br\/blog\/2017\/04\/06\/download-scream-yell-01-janeiro-1997\/\" target=\"_blank\">a primeira edi\u00e7\u00e3o do fanzine<\/a> havia ca\u00eddo nas m\u00e3os de um aluno do Direito, o Alexandre, que estava me pilhando para lan\u00e7ar o n\u00famero 2, at\u00e9 que cedi e rapidamente fechamos as pautas: na capa, Chris Isaak (devemos ter sido a \u00fanica publica\u00e7\u00e3o no mundo que colocou ele na capa \u2013 e me orgulho disso). H\u00e1 \u201cpoesia\u201d (um trecho do meu livro favorito de Aldous Huxley, que eu declamei no final da Semana da Comunica\u00e7\u00e3o de 1997 numa vers\u00e3o drum-bass sarava metal), Nick Hornby, textos sobre grandes discos (\u201cCarnaval na Obra\u201d, do Mundo Livre S\/A e um apanhado da carreira do Belle and Sebastian, que ainda n\u00e3o existia na grande m\u00eddia nacional), a estreia da se\u00e7\u00e3o \u201cTr\u00eas\u201d (que eu manteria no site e utilizo at\u00e9 hoje com tr\u00eas discos, tr\u00eas filmes, tr\u00eas livros e por ai vai) com bootlegs de U2, Oasis e Radiohead, a estreia da se\u00e7\u00e3o <a href=\"http:\/\/www.screamyell.com.br\/secoes\/antologica.html\" target=\"_blank\">Mat\u00e9rias Antol\u00f3gicas<\/a> (a gente pagando tributo aos jornalistas que nos fizeram ter vontade de escrever, estrelando nesta edi\u00e7\u00e3o Andr\u00e9 Forastieri) e umas curtinhas que deixam perceber que a gente tinha vontade de soar como uma mini-revista, ou algo pr\u00f3ximo disso. O Scream &amp; Yell n\u00famero 2 foi lan\u00e7ado em fevereiro de 1999 (com declara\u00e7\u00f5es de amor \u00e0s musas do seriado Dawson\u2019s Creek no expediente) e, se n\u00e3o estiver enganado pela passagem do tempo, acho que foram impressos cerca de 250 c\u00f3pias, sendo que 100 dessas c\u00f3pias voaram para nomes escolhidos a dedo (a grande maioria de jornalistas que a gente amava e quer\u00edamos, de alguma forma, retribuir com nossos fanzines, mas tamb\u00e9m m\u00fasicos e VJs da MTv) e os outros 150 foram distribu\u00eddos uma pequena parte na cidade e outra, maior, atendendo aos pedidos que come\u00e7aram a surgir via correio. Com reimpress\u00f5es e tudo mais nesses anos todos acredito que deva ter chego a 400 exemplares, talvez um pouco mais. Assim como no n\u00famero 1, n\u00e3o estranhe: a base original \u00e9 toda colorida, editada em PageMaker, mas o fanzine era PB mesmo. No arquivo que voc\u00ea ir\u00e1 baixar h\u00e1 duas vers\u00f5es do fanzine: uma em PDF para ser lida em desktop, celular e tablet, com o formato das p\u00e1ginas sequencial; e outra em JPG formatada para impress\u00e3o (ou seja, com as p\u00e1ginas combinadas para serem montadas no formato revista. \u00c9 simples: voc\u00ea imprime a 1_1 na frente e a 1_2 no verso do A4; a 2_1 na frente e a 2_2 no verso A4; e assim por diante. Depois junta tudo na sequencia (1, 2, 3, 4) e dobra, grampeia no meio e voc\u00ea tem um fanzine). Aten\u00e7\u00e3o: nesse fanzine come\u00e7o uma s\u00e9rie de brincadeiras bestas com a numera\u00e7\u00e3o das p\u00e1ginas, por isso ele come\u00e7a na p\u00e1gina 12 (capa) e acaba na 1 (contra-capa). Divirta-se.<\/p>\n<p style=\"text-align: center;\"><strong><a href=\"http:\/\/www.mediafire.com\/file\/ue4ltx4tgws44kj\/Scream+%26+Yell+-+Fanzine+2.rar\" target=\"_blank\">BAIXE AQUI O SCREAM &amp; YELL \u2013 FANZINE 02<\/a><\/strong><\/p>\n<p><img decoding=\"async\" class=\"aligncenter\" src=\"https:\/\/screamyell.com.br\/site\/wp-content\/uploads\/2017\/04\/scream22.jpg\" \/><\/p>\n","protected":false},"excerpt":{"rendered":"<p>A segunda edi\u00e7\u00e3o do fanzine Scream &amp; Yell foi burilada no segundo semestre de 1998, enquanto eu preparava meu projeto de conclus\u00e3o de curso na Faculdade de Comunica\u00e7\u00e3o da Universidade de Taubat\u00e9. Eu trabalhava como auxiliar de biblioteca na Faculdade de Direito, e a primeira edi\u00e7\u00e3o do fanzine havia ca\u00eddo nas m\u00e3os de um aluno [&hellip;]<\/p>\n","protected":false},"author":2,"featured_media":0,"comment_status":"open","ping_status":"open","sticky":false,"template":"","format":"standard","meta":[],"categories":[15,31,3],"tags":[105],"_links":{"self":[{"href":"https:\/\/www.screamyell.com.br\/blog\/wp-json\/wp\/v2\/posts\/15040"}],"collection":[{"href":"https:\/\/www.screamyell.com.br\/blog\/wp-json\/wp\/v2\/posts"}],"about":[{"href":"https:\/\/www.screamyell.com.br\/blog\/wp-json\/wp\/v2\/types\/post"}],"author":[{"embeddable":true,"href":"https:\/\/www.screamyell.com.br\/blog\/wp-json\/wp\/v2\/users\/2"}],"replies":[{"embeddable":true,"href":"https:\/\/www.screamyell.com.br\/blog\/wp-json\/wp\/v2\/comments?post=15040"}],"version-history":[{"count":2,"href":"https:\/\/www.screamyell.com.br\/blog\/wp-json\/wp\/v2\/posts\/15040\/revisions"}],"predecessor-version":[{"id":15042,"href":"https:\/\/www.screamyell.com.br\/blog\/wp-json\/wp\/v2\/posts\/15040\/revisions\/15042"}],"wp:attachment":[{"href":"https:\/\/www.screamyell.com.br\/blog\/wp-json\/wp\/v2\/media?parent=15040"}],"wp:term":[{"taxonomy":"category","embeddable":true,"href":"https:\/\/www.screamyell.com.br\/blog\/wp-json\/wp\/v2\/categories?post=15040"},{"taxonomy":"post_tag","embeddable":true,"href":"https:\/\/www.screamyell.com.br\/blog\/wp-json\/wp\/v2\/tags?post=15040"}],"curies":[{"name":"wp","href":"https:\/\/api.w.org\/{rel}","templated":true}]}}