{"id":14854,"date":"2017-02-05T12:52:14","date_gmt":"2017-02-05T15:52:14","guid":{"rendered":"https:\/\/screamyell.com.br\/blog\/?p=14854"},"modified":"2017-02-05T12:57:00","modified_gmt":"2017-02-05T15:57:00","slug":"cinco-blocos-de-carnaval-favoritos-de-sp","status":"publish","type":"post","link":"https:\/\/www.screamyell.com.br\/blog\/2017\/02\/05\/cinco-blocos-de-carnaval-favoritos-de-sp\/","title":{"rendered":"Cinco blocos de carnaval favoritos de SP"},"content":{"rendered":"<p><img decoding=\"async\" class=\"aligncenter\" src=\"https:\/\/screamyell.com.br\/blog\/wp-content\/uploads\/2013\/02\/carnaval8.jpg\" \/><\/p>\n<p>V\u00e1rios amigos vinham me cobrando uma listinha com meus blocos de carnaval favoritos de S\u00e3o Paulo. Dai, na sexta-feira, 03\/02, o prefeito Dorian Grey <a href=\"http:\/\/g1.globo.com\/sao-paulo\/carnaval\/2017\/noticia\/prefeitura-de-sp-proibe-blocos-de-carnaval-com-mais-de-20-mil-pessoas-e-veta-vias-da-zona-oeste.ghtml\" target=\"_blank\">baixou um decreto<\/a> proibindo blocos de carnaval com mais de 20 mil pessoas e vetando vias como Rua Teodoro Sampaio; Rua Cardeal Arcoverde; Rua Henrique Schaumann; e Pra\u00e7a Benedito Calixto; entre outras. Achei oportuno preparar a listinha abaixo.<\/p>\n<p>Desde 2013 venho tentado prestigiar os cinco blocos abaixo (escrevi uma r\u00e1pida pensata sobre o beleza dos blocos de rua naquele ano: <a href=\"https:\/\/goo.gl\/NqZMCY\" target=\"_blank\">https:\/\/goo.gl\/NqZMCY<\/a>) e numa gest\u00e3o cinza que quer apagar toda beleza e toda cor que essa cidade vinha construindo, fica a dica de conferir realmente se os blocos abaixo v\u00e3o manter o cronograma. E, mais do que nunca, o lema dos amados Deolinda: &#8220;Sai de casa e vem comigo para a rua, vem&#8221;.<\/p>\n<p>Ps. As fotos s\u00e3o todas da <a href=\"http:\/\/lilianecallegari.com.br\" target=\"_blank\">Liliane Callegari Fotografia<\/a><\/p>\n<p><img decoding=\"async\" class=\"aligncenter\" src=\"https:\/\/screamyell.com.br\/site\/wp-content\/uploads\/2017\/02\/sovietico.jpg\" \/><br \/>\n<strong>Bloco Sovi\u00e9tico<\/strong><br \/>\nDia 18\/02\/2017, S\u00e1bado<br \/>\nRua Haddock Lobo, em frente ao restaurante Tuba\u00edna<br \/>\nConcentra \u00e0s 12h e sai as 14h<\/p>\n<p>O bloco da &#8220;minha rua&#8221; (na verdade, da quadra de baixo de casa) sai uma semana antes do Carnaval com diversos amigos, desce a Rua Bela Cintra e adentra com pompa e circunst\u00e2ncia a Consola\u00e7\u00e3o cantando marchinhas russas com foli\u00f5es munidos de foices e martelos (de pl\u00e1stico) e roupas vermelhas.<\/p>\n<p><img decoding=\"async\" class=\"aligncenter\" src=\"https:\/\/screamyell.com.br\/site\/wp-content\/uploads\/2017\/02\/baixoaugusta.jpg\" \/><br \/>\n<strong>Bloco Acad\u00eamicos do Baixo Augusta<\/strong><br \/>\nDia 19\/02\/2017, Domingo<br \/>\nRua da Consola\u00e7\u00e3o, em frente ao cinema Belas Artes<br \/>\nConcentra \u00e0s 12h e sai \u00e0s 16h<\/p>\n<p>\u00c9 um dos maiores blocos da cidade hoje em dia e cresceu tanto que saiu da Rua Augusta para a Rua Consola\u00e7\u00e3o. Para 2017 est\u00e3o confirmadas presen\u00e7as de Faf\u00e1 de Bel\u00e9m, Tulipa Ruiz, Ti\u00ea, China, Edgard Scandurra, Felipe Cordeiro, Paula Lima e Max de Castro.<\/p>\n<p><img decoding=\"async\" class=\"aligncenter\" src=\"https:\/\/screamyell.com.br\/blog\/wp-content\/uploads\/2013\/02\/carnaval4.jpg\" \/><br \/>\n<strong>Bloco Jo\u00e3o Capota na Alves<\/strong><br \/>\nDia 25\/02\/2017, Sabad\u00e3o!<br \/>\nRua Oscar Freire X Galeno<br \/>\nConcentra as 12hs e sai as 14hs<\/p>\n<p>O bloco existe desde 2008 e homenageia \u00e0s ruas Jo\u00e3o Moura, Capote Valente e Alves Guimar\u00e3es. O cord\u00e3o desce a Oscar Freire, dobra na Arthur de Azevedo e depois vira na Lisboa encontrando-se com outros blocos na Pra\u00e7a Benedito Calixto. No repert\u00f3rio, \u00f3timas marchinhas reinventadas.<\/p>\n<p><img decoding=\"async\" class=\"aligncenter\" src=\"https:\/\/screamyell.com.br\/blog\/wp-content\/uploads\/2013\/02\/carnaval9.jpg\" \/><br \/>\n<strong>Bloco Esfarrapado<\/strong><br \/>\nDia 27\/02\/2017, Segunda<br \/>\nRua Conselheiro Carr\u00e3o, 466, Bixiga<br \/>\nConcentra as 12hs e sai as 14hs<\/p>\n<p>O bloco mais antigo da cidade, datado de 1947, que passeia pelas ruas do bairro com muita anima\u00e7\u00e3o e folia. Antes do bloco, almoce numa cantina. Depois v\u00e1 queimar as calorias andando pelas ruas que Adoniran amou.<\/p>\n<p><img decoding=\"async\" class=\"aligncenter\" src=\"https:\/\/screamyell.com.br\/blog\/wp-content\/uploads\/2013\/02\/carnaval15.jpg\" \/><br \/>\n<strong>Bloco Urub\u00f3<\/strong><br \/>\nDias 25, 26 e 28\/02\/2017 (s\u00e1bado, domingo e ter\u00e7a)<br \/>\nLargo da Matriz da Nossa Senhora do \u00d3<br \/>\nConcentra \u00e0s 10h e sai por volta das 12h<\/p>\n<p>O Urub\u00f3 sai desde 2009 e o percurso \u2013 uma volta no Largo da Matriz da Nossa Senhora do \u00d3 \u2013 \u00e9 simples e animado com quase todos os homens do bairro vestidos de mulher (como numa cidade do interior) e paradas estrat\u00e9gicas em frente aos bares patrocinadores (como o Frang\u00f3). No repert\u00f3rio, marchinhas cl\u00e1ssicas e hits diversos de Mamonas a Sidney Magal.<\/p>\n<p><img decoding=\"async\" class=\"aligncenter\" src=\"https:\/\/screamyell.com.br\/blog\/wp-content\/uploads\/2013\/02\/joao3.jpg\" \/><\/p>\n","protected":false},"excerpt":{"rendered":"<p>V\u00e1rios amigos vinham me cobrando uma listinha com meus blocos de carnaval favoritos de S\u00e3o Paulo. Dai, na sexta-feira, 03\/02, o prefeito Dorian Grey baixou um decreto proibindo blocos de carnaval com mais de 20 mil pessoas e vetando vias como Rua Teodoro Sampaio; Rua Cardeal Arcoverde; Rua Henrique Schaumann; e Pra\u00e7a Benedito Calixto; entre [&hellip;]<\/p>\n","protected":false},"author":2,"featured_media":0,"comment_status":"open","ping_status":"open","sticky":false,"template":"","format":"standard","meta":[],"categories":[16],"tags":[101],"_links":{"self":[{"href":"https:\/\/www.screamyell.com.br\/blog\/wp-json\/wp\/v2\/posts\/14854"}],"collection":[{"href":"https:\/\/www.screamyell.com.br\/blog\/wp-json\/wp\/v2\/posts"}],"about":[{"href":"https:\/\/www.screamyell.com.br\/blog\/wp-json\/wp\/v2\/types\/post"}],"author":[{"embeddable":true,"href":"https:\/\/www.screamyell.com.br\/blog\/wp-json\/wp\/v2\/users\/2"}],"replies":[{"embeddable":true,"href":"https:\/\/www.screamyell.com.br\/blog\/wp-json\/wp\/v2\/comments?post=14854"}],"version-history":[{"count":3,"href":"https:\/\/www.screamyell.com.br\/blog\/wp-json\/wp\/v2\/posts\/14854\/revisions"}],"predecessor-version":[{"id":14857,"href":"https:\/\/www.screamyell.com.br\/blog\/wp-json\/wp\/v2\/posts\/14854\/revisions\/14857"}],"wp:attachment":[{"href":"https:\/\/www.screamyell.com.br\/blog\/wp-json\/wp\/v2\/media?parent=14854"}],"wp:term":[{"taxonomy":"category","embeddable":true,"href":"https:\/\/www.screamyell.com.br\/blog\/wp-json\/wp\/v2\/categories?post=14854"},{"taxonomy":"post_tag","embeddable":true,"href":"https:\/\/www.screamyell.com.br\/blog\/wp-json\/wp\/v2\/tags?post=14854"}],"curies":[{"name":"wp","href":"https:\/\/api.w.org\/{rel}","templated":true}]}}