{"id":13672,"date":"2013-07-30T12:37:38","date_gmt":"2013-07-30T15:37:38","guid":{"rendered":"https:\/\/screamyell.com.br\/blog\/2013\/07\/30\/tres-videos-do-deolinda-em-sao-paulo\/"},"modified":"2016-06-14T12:42:24","modified_gmt":"2016-06-14T15:42:24","slug":"tres-videos-deolinda-em-sao-paulo","status":"publish","type":"post","link":"https:\/\/www.screamyell.com.br\/blog\/2013\/07\/30\/tres-videos-deolinda-em-sao-paulo\/","title":{"rendered":"Tr\u00eas v\u00eddeos do Deolinda em S\u00e3o Paulo"},"content":{"rendered":"<p style=\"text-align: center\"><object codebase=\"http:\/\/download.macromedia.com\/pub\/shockwave\/cabs\/flash\/swflash.cab#version=6,0,40,0\" classid=\"clsid:d27cdb6e-ae6d-11cf-96b8-444553540000\" height=\"300\" width=\"450\"><param value=\"http:\/\/www.youtube.com\/v\/6ErVbScQ-Gw\" name=\"src\"><\/param><embed src=\"http:\/\/www.youtube.com\/v\/6ErVbScQ-Gw\" type=\"application\/x-shockwave-flash\" height=\"300\" width=\"450\"><\/embed><\/object><\/p>\n<p style=\"text-align: center\"><object codebase=\"http:\/\/download.macromedia.com\/pub\/shockwave\/cabs\/flash\/swflash.cab#version=6,0,40,0\" classid=\"clsid:d27cdb6e-ae6d-11cf-96b8-444553540000\" height=\"300\" width=\"450\"><param value=\"http:\/\/www.youtube.com\/v\/Sbh4x3baXJE\" name=\"src\"><\/param><embed src=\"http:\/\/www.youtube.com\/v\/Sbh4x3baXJE\" type=\"application\/x-shockwave-flash\" height=\"300\" width=\"450\"><\/embed><\/object><\/p>\n<p style=\"text-align: center\"><object codebase=\"http:\/\/download.macromedia.com\/pub\/shockwave\/cabs\/flash\/swflash.cab#version=6,0,40,0\" classid=\"clsid:d27cdb6e-ae6d-11cf-96b8-444553540000\" height=\"300\" width=\"450\"><param value=\"http:\/\/www.youtube.com\/v\/PadHpJkNdkE\" name=\"src\"><\/param><embed src=\"http:\/\/www.youtube.com\/v\/PadHpJkNdkE\" type=\"application\/x-shockwave-flash\" height=\"300\" width=\"450\"><\/embed><\/object><\/p>\n<p style=\"text-align: center\"><object codebase=\"http:\/\/download.macromedia.com\/pub\/shockwave\/cabs\/flash\/swflash.cab#version=6,0,40,0\" classid=\"clsid:d27cdb6e-ae6d-11cf-96b8-444553540000\" height=\"300\" width=\"450\"><param value=\"http:\/\/www.youtube.com\/v\/gGpf1niD5qU\" name=\"src\"><\/param><embed src=\"http:\/\/www.youtube.com\/v\/gGpf1niD5qU\" type=\"application\/x-shockwave-flash\" height=\"300\" width=\"450\"><\/embed><\/object><\/p>\n<p style=\"text-align: center\"><object codebase=\"http:\/\/download.macromedia.com\/pub\/shockwave\/cabs\/flash\/swflash.cab#version=6,0,40,0\" classid=\"clsid:d27cdb6e-ae6d-11cf-96b8-444553540000\" height=\"300\" width=\"450\"><param value=\"http:\/\/www.youtube.com\/v\/dZ9cgpYjup4\" name=\"src\"><\/param><embed src=\"http:\/\/www.youtube.com\/v\/dZ9cgpYjup4\" type=\"application\/x-shockwave-flash\" height=\"300\" width=\"450\"><\/embed><\/object><\/p>\n<p>Leia tamb\u00e9m: Deolinda ao vivo em S\u00e3o Paulo (<a href=\"https:\/\/screamyell.com.br\/site\/2013\/07\/30\/deolinda-ao-vivo-no-sesc-santana\/\">aqui<\/a>)<\/p>\n","protected":false},"excerpt":{"rendered":"<p>Leia tamb\u00e9m: Deolinda ao vivo em S\u00e3o Paulo (aqui)<\/p>\n","protected":false},"author":2,"featured_media":0,"comment_status":"open","ping_status":"open","sticky":false,"template":"","format":"standard","meta":[],"categories":[17],"tags":[],"_links":{"self":[{"href":"https:\/\/www.screamyell.com.br\/blog\/wp-json\/wp\/v2\/posts\/13672"}],"collection":[{"href":"https:\/\/www.screamyell.com.br\/blog\/wp-json\/wp\/v2\/posts"}],"about":[{"href":"https:\/\/www.screamyell.com.br\/blog\/wp-json\/wp\/v2\/types\/post"}],"author":[{"embeddable":true,"href":"https:\/\/www.screamyell.com.br\/blog\/wp-json\/wp\/v2\/users\/2"}],"replies":[{"embeddable":true,"href":"https:\/\/www.screamyell.com.br\/blog\/wp-json\/wp\/v2\/comments?post=13672"}],"version-history":[{"count":0,"href":"https:\/\/www.screamyell.com.br\/blog\/wp-json\/wp\/v2\/posts\/13672\/revisions"}],"wp:attachment":[{"href":"https:\/\/www.screamyell.com.br\/blog\/wp-json\/wp\/v2\/media?parent=13672"}],"wp:term":[{"taxonomy":"category","embeddable":true,"href":"https:\/\/www.screamyell.com.br\/blog\/wp-json\/wp\/v2\/categories?post=13672"},{"taxonomy":"post_tag","embeddable":true,"href":"https:\/\/www.screamyell.com.br\/blog\/wp-json\/wp\/v2\/tags?post=13672"}],"curies":[{"name":"wp","href":"https:\/\/api.w.org\/{rel}","templated":true}]}}