{"id":13633,"date":"2013-02-13T16:25:23","date_gmt":"2013-02-13T19:25:23","guid":{"rendered":"https:\/\/screamyell.com.br\/blog\/2013\/02\/13\/atras-de-blocos-no-carnaval-de-sao-paulo\/"},"modified":"2013-02-13T16:25:23","modified_gmt":"2013-02-13T19:25:23","slug":"atras-de-blocos-no-carnaval-de-sao-paulo","status":"publish","type":"post","link":"https:\/\/www.screamyell.com.br\/blog\/2013\/02\/13\/atras-de-blocos-no-carnaval-de-sao-paulo\/","title":{"rendered":"Atr\u00e1s de blocos no carnaval de S\u00e3o Paulo"},"content":{"rendered":"<p style=\"text-align: center\"><img decoding=\"async\" src=\"https:\/\/screamyell.com.br\/blog\/wp-content\/uploads\/2013\/02\/carnaval2.jpg\" alt=\"carnaval2.jpg\"\/><br \/>\n<em>Fotos impares: <a href=\"http:\/\/www.flickr.com\/photos\/lilianecallegari\/\" target=\"_blank\">Liliane Callegari<\/a> \/ Fotos pares: <a href=\"http:\/\/www.flickr.com\/photos\/maccosta\/\" target=\"_blank\">Marcelo Costa<\/a><br \/>\nTexto: Marcelo Costa<\/em><\/p>\n<p>Nunca fui muito de pular carnaval. Em Taubat\u00e9, cidade onde passei minha adolesc\u00eancia (per\u00edodo&nbsp;propicio para a farra), a minha turma aproveitava o feriad\u00e3o para ir para Ubatuba ou Caragu\u00e1 com um rotina dividida entre passar a noite no cal\u00e7ad\u00e3o paquerando depois ir pralgum boteco em que o bicho estivesse pegando. Cheg\u00e1vamos \u00e0 casa alugada por volta das 7 da manh\u00e3 e dorm\u00edamos at\u00e9 as quatro, cinco da tarde. Praia? Carnaval? Nem lembr\u00e1vamos.\n<\/p>\n<p style=\"text-align: center\"><img decoding=\"async\" src=\"https:\/\/screamyell.com.br\/blog\/wp-content\/uploads\/2013\/02\/carnaval3.jpg\" alt=\"carnaval3.jpg\"\/><\/p>\n<p>Com exce\u00e7\u00e3o de algumas noites cl\u00e1ssicas no delicioso carnaval de rua da querid\u00edssima S\u00e3o Luiz do Paraitinga e um carnaval insano no meio dos anos 90 seguindo blocos com um amigo pelas ruazinhas do bairro de Santa Tereza, no Rio de Janeiro, n\u00e3o me lembro de aproveitar o carnaval \u2018carnavalizando\u2019. Mesmo as noites b\u00eabadas e antol\u00f3gicas nos carnavais divertid\u00edssimos de cidadezinhas mineiras como S\u00e3o Louren\u00e7o e Caxambu n\u00e3o tinham espirito de carnaval. Era outra coisa.<\/p>\n<p style=\"text-align: center\"><img decoding=\"async\" src=\"https:\/\/screamyell.com.br\/blog\/wp-content\/uploads\/2013\/02\/carnaval4.jpg\" alt=\"carnaval4.jpg\"\/><\/p>\n<p>Por\u00e9m, este ano a coisa foi diferente.&nbsp;<a href=\"http:\/\/www.flickr.com\/photos\/lilianecallegari\/\" target=\"_blank\">Lili<\/a>&nbsp;conseguiu um freela que previa fotografar blocos de carnaval. Cogitamos ir ao Rio, pensamos em Recife e Olinda, e at\u00e9 em S\u00e3o Luiz do Paraitinga, mas, em tempos de vacas magras, decidimos economizar e ficar em S\u00e3o Paulo. O papo que tive com&nbsp;<a href=\"http:\/\/rodrigojames.com\/\" target=\"_blank\">Rodrigo James<\/a>&nbsp;e&nbsp;<a href=\"https:\/\/twitter.com\/thiagopereira27\" target=\"_blank\">Thiago Pereira<\/a>&nbsp;em Belo Horizonte, sobre o carnaval na cidade, tinha me despertado a curiosidade: ser\u00e1 que S\u00e3o Paulo tamb\u00e9m acordou para a for\u00e7a dos blocos?<\/p>\n<p style=\"text-align: center\"><img decoding=\"async\" src=\"https:\/\/screamyell.com.br\/blog\/wp-content\/uploads\/2013\/02\/carnaval5.jpg\" alt=\"carnaval5.jpg\"\/><\/p>\n<p>Para tergiversar a resposta \u2013 que \u00e9 complicada e repleta de atenuantes, agravantes hist\u00f3ricos e compara\u00e7\u00f5es sem sentido \u2013 gostaria de dizer que fazia muito tempo que eu n\u00e3o me divertia tanto no carnaval, carnaval mesmo (provavelmente desde aqueles dias no Rio). A ideia era come\u00e7ar na sexta, mas um temporal colocou os planos de molho e nos fez perder o Bloco Lira da Vila e a Banda do Trem El\u00e9trico. Mas do s\u00e1bado em diante embarcamos na folia. Para acompanhar, levei minha c\u00e2mera.<\/p>\n<p style=\"text-align: center\"><img decoding=\"async\" src=\"https:\/\/screamyell.com.br\/blog\/wp-content\/uploads\/2013\/02\/carnaval6.jpg\" alt=\"carnaval6.jpg\"\/><\/p>\n<p>Na lista do s\u00e1bado, mais de dez blocos iriam sair pelas ruas da cidade (todos liberados pela prefeitura). Escolhemos o Jo\u00e3o Capota na Alves, cuja concentra\u00e7\u00e3o fez o pontilh\u00e3o do metr\u00f4 Sumar\u00e9 tremer. O bloco existe desde 2008 e homenageia&nbsp;\u00e0s ruas&nbsp;Jo\u00e3o&nbsp;Moura, Capote Valente e Alves Guimar\u00e3es. O cord\u00e3o desce a Oscar Freire, dobra na Arthur de Azevedo e depois vira na Lisboa encontrando-se com outros blocos na Pra\u00e7a Benedito Calixto. No repert\u00f3rio, \u00f3timas&nbsp;marchinhas reinventadas.<\/p>\n<p style=\"text-align: center\"><img decoding=\"async\" src=\"https:\/\/screamyell.com.br\/blog\/wp-content\/uploads\/2013\/02\/carnaval7.jpg\" alt=\"carnaval7.jpg\"\/><\/p>\n<p>No domingo foi a vez de conferir o Bloco Guerreiros de Jorge, que existe desde 2012 e desfila pelo Minhoc\u00e3o saindo da Pra\u00e7a Marechal Deodoro. Com repert\u00f3rio mais tradicional e uma turma menor, mas n\u00e3o menos animada, o bloco mostrou sua for\u00e7a quando, ao sair, foi aben\u00e7oado com uma tempestade. Ningu\u00e9m parou. Todo mundo se protegeu debaixo do Minhoc\u00e3o e a batucada seguiu at\u00e9 o tempo melhorar. Foi bonito, muito bonito.<\/p>\n<p style=\"text-align: center\"><img decoding=\"async\" src=\"https:\/\/screamyell.com.br\/blog\/wp-content\/uploads\/2013\/02\/carnaval8.jpg\" alt=\"carnaval8.jpg\"\/><\/p>\n<p>A segunda-feira era dia do bloco mais antigo da cidade, os Esfarrapados do Bixiga, que desde 1947 passeiam pelas ruas do bairro com muita anima\u00e7\u00e3o e folia. Antes do bloco, almo\u00e7o numa cantina. Depois, hora de queimar as calorias. Foi o bloco mais estruturado, animado e lotado (cerca de 15 mil pessoas). Era tanta gente que o som se dividia entre tr\u00eas carros distribu\u00eddos pelo trajeto. Palmas para o puxador, que convidada, rua a rua, os locais para aderirem a festa.<\/p>\n<p style=\"text-align: center\"><img decoding=\"async\" src=\"https:\/\/screamyell.com.br\/blog\/wp-content\/uploads\/2013\/02\/carnaval9.jpg\" alt=\"carnaval9.jpg\"\/><\/p>\n<p>Na ter\u00e7a foi a vez de voltar no tempo. E n\u00e3o poderia ter sido mais perfeito. O Urub\u00f3 sai desde 2009 durante todos os dias de carnaval. O percurso \u2013 uma volta no Largo da Matriz da Nossa Senhora do \u00d3 \u2013 \u00e9 simples e animado com quase todos os homens do bairro vestidos de mulher (como numa cidade do interior) eparadas estrat\u00e9gicas em frente aos bares patrocinadores (como o Frang\u00f3). No repert\u00f3rio, marchinhas cl\u00e1ssicas e hits diversos de Mamonas a Sidney Magal.<\/p>\n<p style=\"text-align: center\"><img decoding=\"async\" src=\"https:\/\/screamyell.com.br\/blog\/wp-content\/uploads\/2013\/02\/carnaval10.jpg\" alt=\"carnaval10.jpg\"\/><\/p>\n<p>Ainda conferimos o impag\u00e1vel Jegue El\u00e9trico e o Grupo de Maracatu Bloco de Pedra. Faltou acompanhar o Cord\u00e3o Cecilia, que desfilava no s\u00e1bado na Barra Funda (vimos em 2010), e descobrir se o Cord\u00e3o Triunfo, que iria desfilar e encenar a pe\u00e7a \u201cCine Camale\u00e3o \u2013 Boca do Lixo\u201d, realmente saiu. O bloco sairia da sede da Cia. Pessoal do Faroeste, localizada na quadra tomada por usu\u00e1rios de crack no centro de S\u00e3o Paulo. Ve\u00edculos como o Guia da Folha e outros n\u00e3o informaram este fato ao p\u00fablico, e uma turma de jovens por volta dos 15 anos girava em torno da \u00e1rea buscando descobrir o paradeiro do bloco.<\/p>\n<p style=\"text-align: center\"><img decoding=\"async\" src=\"https:\/\/screamyell.com.br\/blog\/wp-content\/uploads\/2013\/02\/carnaval11.jpg\" alt=\"carnaval11.jpg\"\/><\/p>\n<p>Tirando esse ato de irresponsabilidade muito parecido com uma pegadinha (se foi, temos mais um caso de hoax derrubando ve\u00edculos \u2013 vale pesquisar), os blocos em S\u00e3o Paulo foram uma alegria contagiante. A maioria come\u00e7ava por volta das 14h ou 15h e ia noite afora cumprindo a promessa da festa carnavalesca. Em meio a boa vibe impressiona o n\u00famero de foli\u00f5es fantasiados tanto quanto o n\u00famero de crian\u00e7as se divertindo (nas ruas de uma cidade que \u00e9 hostil com elas).<\/p>\n<p style=\"text-align: center\"><img decoding=\"async\" src=\"https:\/\/screamyell.com.br\/blog\/wp-content\/uploads\/2013\/02\/carnaval12.jpg\" alt=\"carnaval12.jpg\"\/><\/p>\n<p>Algu\u00e9m pode provocar: existem carnavais melhores! Existem, sem d\u00favida, melhores e infind\u00e1veis. Mas como h\u00e1 gra\u00e7a em ir atr\u00e1s do melhor (quando o dinheiro permite), h\u00e1 tamb\u00e9m prazer em fazer o melhor (quando a criatividade funciona). Neste ponto, os Blocos de S\u00e3o Paulo est\u00e3o de parab\u00e9ns. Foi bonito. Mesmo. O carnaval aqui acabou (afinal, o ano come\u00e7a) mas quem (por algum motivo) ficou na cidade e soube aproveitar, o carnaval 2013 na cidade valeu muito a pena.<\/p>\n<p style=\"text-align: center\"><img decoding=\"async\" src=\"https:\/\/screamyell.com.br\/blog\/wp-content\/uploads\/2013\/02\/carnaval15.jpg\" alt=\"carnaval15.jpg\"\/><\/p>\n<p style=\"text-align: center\"><img decoding=\"async\" src=\"https:\/\/screamyell.com.br\/blog\/wp-content\/uploads\/2013\/02\/carnaval14.jpg\" alt=\"carnaval14.jpg\"\/><\/p>\n<p style=\"text-align: center\"><img decoding=\"async\" src=\"https:\/\/screamyell.com.br\/blog\/wp-content\/uploads\/2013\/02\/carnaval13.jpg\" alt=\"carnaval13.jpg\"\/><\/p>\n<p style=\"text-align: center\"><img decoding=\"async\" src=\"https:\/\/screamyell.com.br\/blog\/wp-content\/uploads\/2013\/02\/carnaval16.jpg\" alt=\"carnaval16.jpg\"\/><\/p>\n<p style=\"text-align: center\"><img decoding=\"async\" loading=\"lazy\" src=\"https:\/\/screamyell.com.br\/blog\/wp-content\/uploads\/2013\/02\/joao5.jpg\" height=\"734\" width=\"450\"\/><\/p>\n<p><strong>Leia tamb\u00e9m:<\/strong><br \/>\n&#8211; Festival Sensacional e o carnaval em Belo Horizonte (<a href=\"https:\/\/screamyell.com.br\/site\/2013\/02\/05\/festival-sensacional-2013\/\">aqui<\/a>)<br \/>\n&#8211; 2010: \u201cO primeiro carnaval em que folguei ap\u00f3s tr\u00eas anos (<a href=\"https:\/\/screamyell.com.br\/blog\/2010\/02\/17\/todo-carnaval-tem-seu-fim\/\">aqui<\/a>)<br \/>\n&#8211;&nbsp;Curta o Carnaval que esse pode ser o seu \u00faltimo ver\u00e3o (<a href=\"https:\/\/screamyell.com.br\/blog\/2009\/02\/19\/carnaval-carnaval-carnaval\/\">aqui<\/a>)<br \/>\n&#8211; Mais fotos: Liliane Callegari (<a href=\"http:\/\/www.flickr.com\/photos\/lilianecallegari\/\" target=\"_blank\">aqui<\/a>) e Marcelo Costa (<a href=\"http:\/\/www.flickr.com\/photos\/lilianecallegari\/\" target=\"_blank\">aqui<\/a>)<\/p>\n","protected":false},"excerpt":{"rendered":"<p>Fotos impares: Liliane Callegari \/ Fotos pares: Marcelo Costa Texto: Marcelo Costa Nunca fui muito de pular carnaval. Em Taubat\u00e9, cidade onde passei minha adolesc\u00eancia (per\u00edodo&nbsp;propicio para a farra), a minha turma aproveitava o feriad\u00e3o para ir para Ubatuba ou Caragu\u00e1 com um rotina dividida entre passar a noite no cal\u00e7ad\u00e3o paquerando depois ir pralgum [&hellip;]<\/p>\n","protected":false},"author":2,"featured_media":0,"comment_status":"open","ping_status":"open","sticky":false,"template":"","format":"standard","meta":[],"categories":[16,26],"tags":[],"_links":{"self":[{"href":"https:\/\/www.screamyell.com.br\/blog\/wp-json\/wp\/v2\/posts\/13633"}],"collection":[{"href":"https:\/\/www.screamyell.com.br\/blog\/wp-json\/wp\/v2\/posts"}],"about":[{"href":"https:\/\/www.screamyell.com.br\/blog\/wp-json\/wp\/v2\/types\/post"}],"author":[{"embeddable":true,"href":"https:\/\/www.screamyell.com.br\/blog\/wp-json\/wp\/v2\/users\/2"}],"replies":[{"embeddable":true,"href":"https:\/\/www.screamyell.com.br\/blog\/wp-json\/wp\/v2\/comments?post=13633"}],"version-history":[{"count":0,"href":"https:\/\/www.screamyell.com.br\/blog\/wp-json\/wp\/v2\/posts\/13633\/revisions"}],"wp:attachment":[{"href":"https:\/\/www.screamyell.com.br\/blog\/wp-json\/wp\/v2\/media?parent=13633"}],"wp:term":[{"taxonomy":"category","embeddable":true,"href":"https:\/\/www.screamyell.com.br\/blog\/wp-json\/wp\/v2\/categories?post=13633"},{"taxonomy":"post_tag","embeddable":true,"href":"https:\/\/www.screamyell.com.br\/blog\/wp-json\/wp\/v2\/tags?post=13633"}],"curies":[{"name":"wp","href":"https:\/\/api.w.org\/{rel}","templated":true}]}}