{"id":13561,"date":"2013-08-11T01:07:06","date_gmt":"2013-08-11T04:07:06","guid":{"rendered":"https:\/\/screamyell.com.br\/blog\/2013\/08\/11\/uma-cancao-mobral\/"},"modified":"2016-03-27T01:23:52","modified_gmt":"2016-03-27T04:23:52","slug":"uma-cancao-mobral","status":"publish","type":"post","link":"https:\/\/www.screamyell.com.br\/blog\/2013\/08\/11\/uma-cancao-mobral\/","title":{"rendered":"Uma can\u00e7\u00e3o: Mobral"},"content":{"rendered":"<p style=\"text-align: center\"><object codebase=\"http:\/\/download.macromedia.com\/pub\/shockwave\/cabs\/flash\/swflash.cab#version=6,0,40,0\" classid=\"clsid:d27cdb6e-ae6d-11cf-96b8-444553540000\" height=\"300\" width=\"450\"><param value=\"http:\/\/www.youtube.com\/v\/tmnCNo5WpfA\" name=\"src\"><\/param><embed src=\"http:\/\/www.youtube.com\/v\/tmnCNo5WpfA\" type=\"application\/x-shockwave-flash\" height=\"300\" width=\"450\"><\/embed><\/object><\/p>\n<p align=\"center\"><strong>\u201cMobral\u201d, Herbert Vianna (1992)<\/strong><\/p>\n<p align=\"center\"><em>Do que adiantam?<br \/>\nPlacas. Bulas. Instru\u00e7\u00f5es\u2026<\/em>\n<\/p>\n<p align=\"center\"><em> <\/em><\/p>\n<p align=\"center\"><em>Do que adiantam?<br \/>\nLetras impressas das can\u00e7\u00f5es\u2026<\/em>\n<\/p>\n<p align=\"center\"><em> <\/em><\/p>\n<p align=\"center\"><em>Do que adiantam?<br \/>\nGestos educados, conven\u00e7\u00f5es\u2026<\/em>\n<\/p>\n<p align=\"center\"><em> <\/em><\/p>\n<p align=\"center\"><em>Do que adiantam?<br \/>\nEmendas, constitui\u00e7\u00f5es<\/em>\n<\/p>\n<p align=\"center\"><em> <\/em><\/p>\n<p align=\"center\"><em>Se o teto da escola caiu<br \/>\nSe a parede da escola sumiu<br \/>\nSem dente o professor sorriu<br \/>\nCalado recebeu 10 mil<\/em>\n<\/p>\n<p align=\"center\"><em> <\/em><\/p>\n<p align=\"center\"><em>E depois assistiu na TV<br \/>\nEm cadeia para todo Brasil<br \/>\nO projeto, a tal salva\u00e7\u00e3o<br \/>\nPrestou aten\u00e7\u00e3o e no entanto n\u00e3o viu<\/em>\n<\/p>\n<p align=\"center\"><em> <\/em><\/p>\n<p align=\"center\"><em>A merenda, que \u00e9 s\u00f3 o que atrai<br \/>\nA cadeia pra qual rico vai<br \/>\nDespachantes, guich\u00eas, hospitais<br \/>\nE os letreiros de frente pra tr\u00e1s<br \/>\nAos olhos de quem<br \/>\nS\u00f3 aprendeu o b\u00ea-\u00e1-b\u00e1<br \/>\nPra tirar carteira de trabalho<\/em>\n<\/p>\n<p align=\"center\"><em> <\/em><\/p>\n<p align=\"center\"><em>E n\u00e3o entendeu Z\u00e9 Ramalho cantar<br \/>\n\u201cVida de gado, Povo marcado, Povo feliz\u201d<\/em><\/p>\n","protected":false},"excerpt":{"rendered":"<p>\u201cMobral\u201d, Herbert Vianna (1992) Do que adiantam? Placas. Bulas. Instru\u00e7\u00f5es\u2026 Do que adiantam? Letras impressas das can\u00e7\u00f5es\u2026 Do que adiantam? Gestos educados, conven\u00e7\u00f5es\u2026 Do que adiantam? Emendas, constitui\u00e7\u00f5es Se o teto da escola caiu Se a parede da escola sumiu Sem dente o professor sorriu Calado recebeu 10 mil E depois assistiu na TV Em [&hellip;]<\/p>\n","protected":false},"author":2,"featured_media":0,"comment_status":"open","ping_status":"open","sticky":false,"template":"","format":"standard","meta":[],"categories":[3],"tags":[],"_links":{"self":[{"href":"https:\/\/www.screamyell.com.br\/blog\/wp-json\/wp\/v2\/posts\/13561"}],"collection":[{"href":"https:\/\/www.screamyell.com.br\/blog\/wp-json\/wp\/v2\/posts"}],"about":[{"href":"https:\/\/www.screamyell.com.br\/blog\/wp-json\/wp\/v2\/types\/post"}],"author":[{"embeddable":true,"href":"https:\/\/www.screamyell.com.br\/blog\/wp-json\/wp\/v2\/users\/2"}],"replies":[{"embeddable":true,"href":"https:\/\/www.screamyell.com.br\/blog\/wp-json\/wp\/v2\/comments?post=13561"}],"version-history":[{"count":0,"href":"https:\/\/www.screamyell.com.br\/blog\/wp-json\/wp\/v2\/posts\/13561\/revisions"}],"wp:attachment":[{"href":"https:\/\/www.screamyell.com.br\/blog\/wp-json\/wp\/v2\/media?parent=13561"}],"wp:term":[{"taxonomy":"category","embeddable":true,"href":"https:\/\/www.screamyell.com.br\/blog\/wp-json\/wp\/v2\/categories?post=13561"},{"taxonomy":"post_tag","embeddable":true,"href":"https:\/\/www.screamyell.com.br\/blog\/wp-json\/wp\/v2\/tags?post=13561"}],"curies":[{"name":"wp","href":"https:\/\/api.w.org\/{rel}","templated":true}]}}