{"id":13535,"date":"2013-11-14T05:32:36","date_gmt":"2013-11-14T08:32:36","guid":{"rendered":"https:\/\/screamyell.com.br\/blog\/2013\/11\/14\/10-respostas-em-maio-de-2009\/"},"modified":"2013-11-14T05:32:36","modified_gmt":"2013-11-14T08:32:36","slug":"10-respostas-em-maio-de-2009","status":"publish","type":"post","link":"https:\/\/www.screamyell.com.br\/blog\/2013\/11\/14\/10-respostas-em-maio-de-2009\/","title":{"rendered":"10 respostas em maio de 2009"},"content":{"rendered":"<p><em>Oi Marcelo, meu nome \u00e9 Elaine e t\u00f4 escrevendo uma mat\u00e9ria pruma revista da faculdade sobre as novas tecnologias na m\u00fasica e gostaria muito se voc\u00ea pudesse responder as perguntas abaixo!  14\/05\/09<\/em><\/p>\n<p><strong>A facilidade em se produzir m\u00fasica de forma mais \u201ccaseira\u201d, ou informal, sem a participa\u00e7\u00e3o obrigat\u00f3ria das grandes majors teve que tipo de influ\u00eancia na qualidade dessa m\u00fasica? Isso \u00e9 positivo para o mercado fonogr\u00e1fico de forma geral? Explique<\/strong><br \/>\nQualidade \u00e9 algo dif\u00edcil de mensurar nesse caso, pois vamos ter diversos fatores que podem afetar ou n\u00e3o uma obra art\u00edstica. Ser\u00e1 que o m\u00fasico comp\u00f5e melhor sob press\u00e3o ou quando est\u00e1 livre? Se for quando est\u00e1 livre, que \u00e9 o natural, o que explica o n\u00edvel de qualidade durante a ditadura militar, quando os compositores precisavam trabalhar para compor e ainda dobrar a censura. Ou seja: facilidade \u00e9 algo sempre bom, sem d\u00favida, mas a cobran\u00e7a de um diretor art\u00edstico talvez fosse \u00fatil. Esse \u00e9 um ponto. Para o mercado fonogr\u00e1fico \u00e9 outra coisa, pois muita gente que produz caseiramente, 90% dos casos, n\u00e3o aparece na m\u00eddia. Seria positivo se houvesse espa\u00e7o, mas o mercado fonogr\u00e1fico nacional fechou as portas com anos de jab\u00e1 e estreita vis\u00e3o musical.<\/p>\n<p><strong>O que pode ser feito hoje, em termos de produ\u00e7\u00e3o e divulga\u00e7\u00e3o, que era impens\u00e1vel h\u00e1 cinco, dez anos?<\/strong><br \/>\nTer um est\u00fadio de grava\u00e7\u00e3o em casa j\u00e1 \u00e9 um grande avan\u00e7o. Lan\u00e7ar o trabalho na internet tamb\u00e9m. A web \u00e9 uma ferramenta essencial na \u201cnova ordem musical\u201d.<\/p>\n<p><strong>Qual sua opini\u00e3o sobre a facilidade em se baixar faixas  gratuitamente pela internet? Qual o impacto dessa pr\u00e1tica no mercado musical?<\/strong><br \/>\nBaixar m\u00fasicas gratuitamente \u00e9 uma oportunidade do p\u00fablico conhecer o material antes de comprar. No Brasil n\u00e3o existe a pr\u00e1tica de devolver um CD que n\u00e3o gostou (embora isso esteja no C\u00f3digo de Defesa do Consumidor) como acontece no Primeiro Mundo, e vejo o fato de baixar um \u00e1lbum em MP3 e n\u00e3o comprar como a falta de atrativo que aquele disco causou em quem ouviu. Tamb\u00e9m acho uma grande bobagem ficarmos discutindo se \u00e9 legal ou n\u00e3o baixar m\u00fasicas. Isso \u00e9 algo que era relevante dez anos atr\u00e1s. A fase \u00e9 outra. Agora \u00e9 hora das gravadoras partirem para um novo modelo de neg\u00f3cio \u2013 agenciamento de shows, distribui\u00e7\u00e3o de CDs \u2013 e deixar de comparar anos 2000 com 1970 ou 1980. N\u00e3o \u00e9 a mesma \u00e9poca. O modelo de neg\u00f3cio mudou, e o mercado musical tem que mudar. Ele nunca vai morrer, pois as pessoas sempre v\u00e3o consumir m\u00fasica. Vivemos uma Nova Idade M\u00e9dia (escrevo sobre essa teoria aqui: <a href=\"https:\/\/screamyell.com.br\/blog\/2008\/11\/16\/a-nova-idade-media\/\" target=\"_blank\">https:\/\/screamyell.com.br\/blog\/2008\/11\/16\/a-nova-idade-media\/<\/a>). O mundo mudou.<\/p>\n<p><strong>Como seria poss\u00edvel regulamentar essa pr\u00e1tica?<\/strong><br \/>\nN\u00e3o tem que regulamentar. Tem que mudar o enfoque do neg\u00f3cio. As pessoas v\u00e3o continuar baixando m\u00fasicas \u2013 quer as gravadoras queiram ou n\u00e3o.<\/p>\n<p><strong>Voc\u00ea acha que os internautas concordariam em pagar pelas faixas que baixavam gratuitamente?<\/strong><br \/>\nAcredito que n\u00e3o, mas esse \u00e9 um fato menor nessa equa\u00e7\u00e3o. O que interessa \u00e9: imagina que pessoas da minha gera\u00e7\u00e3o (nascidas nos anos 70) e das anteriores tem um jeito diferente de lidar com m\u00fasica. A gente consumia vinil, havia uma outra rela\u00e7\u00e3o, tanto que at\u00e9 hoje compro CDs mesmo baixando discos. Agora transponha isso prum garoto de oito, dez anos, que acostumou-se a baixar m\u00fasicas. Ele vai baixar a vida inteira sem sentir algum remorso passional, pois a realidade dele \u00e9 outra, e n\u00e3o \u00e9 errada. Isso quer dizer que quando essa nova gera\u00e7\u00e3o tiver poder de consumo, ela n\u00e3o vai fazer como a minha gera\u00e7\u00e3o e gastar dinheiro com CD. Ela vai usar esse dinheiro em outra coisa, o que quer dizer que o mercado da m\u00fasica como o conhecemos est\u00e1 com os dias contados, pois quando a minha gera\u00e7\u00e3o bater as botas, quem ir\u00e1 comprar CDs? Ningu\u00e9m.<\/p>\n<p><strong>Nos \u00faltimos dez anos, o que mudou basicamente em termos de produ\u00e7\u00e3o musical em fun\u00e7\u00e3o da exist\u00eancia das novas tecnologias?<\/strong><br \/>\nA facilidade em se alcan\u00e7ar o resultado que o m\u00fasico queria no est\u00fadio. Sem contar que voc\u00ea pode gravar em um est\u00fadio agora e mandar esse material para outra pessoa em qualquer lugar do mundo. As facilidades s\u00e3o in\u00fameras.<\/p>\n<p><strong>Que setores da ind\u00fastria musical tradicional est\u00e3o, na sua opini\u00e3o, fadados \u00e0 extin\u00e7\u00e3o?<\/strong><br \/>\nAs gravadoras, mas ainda vai demorar uns 10, 15 anos.<\/p>\n<p><strong>Na sua opini\u00e3o, qual o futuro do mercado musical?<\/strong><br \/>\nO mercado vai existir para todo sempre. A forma de negociar a m\u00fasica ser\u00e1 outra. Isso faz com que o futuro seja incerto, nebuloso, mas impressiona o fato de numa \u00e9poca em que menos se compra m\u00fasica, mais se consome.<\/p>\n<p><strong>Quais suas bandas contempor\u00e2neas prediletas? Explique o que elas tem de bom.<\/strong><br \/>\nRadiohead e Wilco. Eles conseguem transformar o passado em futuro.<\/p>\n<p><strong>Voc\u00ea acha que os grandes festivais de m\u00fasica fazem falta? Qual a import\u00e2ncia desses eventos na hist\u00f3ria da m\u00fasica popular brasileira na sua opini\u00e3o?<\/strong><br \/>\nA m\u00fasica precisa de espa\u00e7os, e os festivais s\u00e3o uma grande fonte de divulga\u00e7\u00e3o. N\u00e3o sei se atrelados a uma grande rede de TV, embora a TV seja uma m\u00eddia que tamb\u00e9m precisa ser ocupada. Como escreveu Arnaldo Antunes certa vez, a gente quer comida, divers\u00e3o e arte, e esses eventos s\u00e3o \u00f3timos para proporcionar arte, agitar o cen\u00e1rio.<\/p>\n","protected":false},"excerpt":{"rendered":"<p>Oi Marcelo, meu nome \u00e9 Elaine e t\u00f4 escrevendo uma mat\u00e9ria pruma revista da faculdade sobre as novas tecnologias na m\u00fasica e gostaria muito se voc\u00ea pudesse responder as perguntas abaixo! 14\/05\/09 A facilidade em se produzir m\u00fasica de forma mais \u201ccaseira\u201d, ou informal, sem a participa\u00e7\u00e3o obrigat\u00f3ria das grandes majors teve que tipo de [&hellip;]<\/p>\n","protected":false},"author":2,"featured_media":0,"comment_status":"open","ping_status":"open","sticky":false,"template":"","format":"standard","meta":[],"categories":[50],"tags":[],"_links":{"self":[{"href":"https:\/\/www.screamyell.com.br\/blog\/wp-json\/wp\/v2\/posts\/13535"}],"collection":[{"href":"https:\/\/www.screamyell.com.br\/blog\/wp-json\/wp\/v2\/posts"}],"about":[{"href":"https:\/\/www.screamyell.com.br\/blog\/wp-json\/wp\/v2\/types\/post"}],"author":[{"embeddable":true,"href":"https:\/\/www.screamyell.com.br\/blog\/wp-json\/wp\/v2\/users\/2"}],"replies":[{"embeddable":true,"href":"https:\/\/www.screamyell.com.br\/blog\/wp-json\/wp\/v2\/comments?post=13535"}],"version-history":[{"count":0,"href":"https:\/\/www.screamyell.com.br\/blog\/wp-json\/wp\/v2\/posts\/13535\/revisions"}],"wp:attachment":[{"href":"https:\/\/www.screamyell.com.br\/blog\/wp-json\/wp\/v2\/media?parent=13535"}],"wp:term":[{"taxonomy":"category","embeddable":true,"href":"https:\/\/www.screamyell.com.br\/blog\/wp-json\/wp\/v2\/categories?post=13535"},{"taxonomy":"post_tag","embeddable":true,"href":"https:\/\/www.screamyell.com.br\/blog\/wp-json\/wp\/v2\/tags?post=13535"}],"curies":[{"name":"wp","href":"https:\/\/api.w.org\/{rel}","templated":true}]}}