{"id":13497,"date":"2014-02-05T11:26:18","date_gmt":"2014-02-05T14:26:18","guid":{"rendered":"https:\/\/screamyell.com.br\/blog\/2014\/02\/05\/o-resto-e-ruido-39-vitor-brauer\/"},"modified":"2016-03-17T11:48:13","modified_gmt":"2016-03-17T14:48:13","slug":"o-resto-e-ruido-39-vitor-brauer","status":"publish","type":"post","link":"https:\/\/www.screamyell.com.br\/blog\/2014\/02\/05\/o-resto-e-ruido-39-vitor-brauer\/","title":{"rendered":"O Resto \u00c9 Ru\u00eddo #39: Vitor Brauer"},"content":{"rendered":"<p style=\"text-align: center\"><img decoding=\"async\" loading=\"lazy\" src=\"https:\/\/screamyell.com.br\/blog\/wp-content\/uploads\/2013\/10\/531670_420558301360599_491362871_n.jpg\" height=\"300\" width=\"300\" \/><\/p>\n<p>A edi\u00e7\u00e3o #39 d\u2019O Resto \u00c9 Ru\u00eddo traz uma novidade na forma\u00e7\u00e3o da mesa: Bruno Capelas, jornalista do Estad\u00e3o, blogueiro do Pergunte Ao Pop e colaborador do Scream &amp; Yell, ocupa a cadeira vaga pelo Filipe depois da sua mudan\u00e7a pra Curitiba. E o Capelas j\u00e1 estreia recebendo um convidado: Vitor Brauer, vocalista e guitarrista da banda mineira Lupe de Lupe. Come\u00e7amos falando sobre a Lupe e seus projetos solo, e emendamos uma discuss\u00e3o sobre as \u00faltimas listas de Melhores de 2013 (Scream &amp; Yell, Rolling Stone, Grupos da Sinewave e da Bizz), a mistura ou n\u00e3o de discos nacionais com internacionais, votos \u00fateis x votos honestos, m\u00fasicas favoritas x m\u00fasicas representativas (\u201dShow das Poderosas\u201d e \u201cGet Lucky\u201d \u00e0 frente), dentre outros assuntos. No set list, Lupe de Lupe, King Krule, The Baggios, Linda Martini, Liars, Joanna Gruesome e Adeus, novo projeto do mentor do Bem\u00f4nio.<\/p>\n<p><iframe loading=\"lazy\" width=\"100%\" height=\"120\" src=\"https:\/\/www.mixcloud.com\/widget\/iframe\/?feed=https%3A%2F%2Fwww.mixcloud.com%2Forestoeruido%2Fo-resto-%25C3%25A9-ru%25C3%25ADdo-39%2F&#038;hide_cover=1&#038;light=1\" frameborder=\"0\"><\/iframe><br \/>\nOu\u00e7a tamb\u00e9m:<br \/>\n&#8211; O Resto \u00e9 Ru\u00eddo: Melhores de 2013 (<a href=\"https:\/\/screamyell.com.br\/blog\/2014\/01\/15\/o-resto-e-ruido-melhores-do-ano\/\">aqui<\/a>)<br \/>\n&#8211; O Resto \u00e9 Ru\u00eddo com Ricardo Alexandre (<a href=\"https:\/\/screamyell.com.br\/blog\/2013\/12\/24\/o-resto-e-ruido-com-ricardo-alexandre\/\">aqui<\/a>)<br \/>\n&#8211; O Resto \u00e9 Ru\u00eddo com Fabio Massari (<a href=\"https:\/\/screamyell.com.br\/blog\/2013\/12\/20\/o-resto-e-ruido-com-fabio-massari\/\">aqui<\/a>)<br \/>\n&#8211; O Resto \u00e9 Ru\u00eddo #32 (<a href=\"https:\/\/screamyell.com.br\/blog\/2013\/11\/24\/podcast-o-resto-e-ruido-32\/\">aqui<\/a>) e #33 + #34 (<a href=\"https:\/\/screamyell.com.br\/blog\/2013\/12\/11\/podcast-o-resto-e-ruido-33-e-34\/\">aqui<\/a>)<\/p>\n","protected":false},"excerpt":{"rendered":"<p>A edi\u00e7\u00e3o #39 d\u2019O Resto \u00c9 Ru\u00eddo traz uma novidade na forma\u00e7\u00e3o da mesa: Bruno Capelas, jornalista do Estad\u00e3o, blogueiro do Pergunte Ao Pop e colaborador do Scream &amp; Yell, ocupa a cadeira vaga pelo Filipe depois da sua mudan\u00e7a pra Curitiba. E o Capelas j\u00e1 estreia recebendo um convidado: Vitor Brauer, vocalista e guitarrista [&hellip;]<\/p>\n","protected":false},"author":2,"featured_media":0,"comment_status":"open","ping_status":"open","sticky":false,"template":"","format":"standard","meta":[],"categories":[42],"tags":[],"_links":{"self":[{"href":"https:\/\/www.screamyell.com.br\/blog\/wp-json\/wp\/v2\/posts\/13497"}],"collection":[{"href":"https:\/\/www.screamyell.com.br\/blog\/wp-json\/wp\/v2\/posts"}],"about":[{"href":"https:\/\/www.screamyell.com.br\/blog\/wp-json\/wp\/v2\/types\/post"}],"author":[{"embeddable":true,"href":"https:\/\/www.screamyell.com.br\/blog\/wp-json\/wp\/v2\/users\/2"}],"replies":[{"embeddable":true,"href":"https:\/\/www.screamyell.com.br\/blog\/wp-json\/wp\/v2\/comments?post=13497"}],"version-history":[{"count":0,"href":"https:\/\/www.screamyell.com.br\/blog\/wp-json\/wp\/v2\/posts\/13497\/revisions"}],"wp:attachment":[{"href":"https:\/\/www.screamyell.com.br\/blog\/wp-json\/wp\/v2\/media?parent=13497"}],"wp:term":[{"taxonomy":"category","embeddable":true,"href":"https:\/\/www.screamyell.com.br\/blog\/wp-json\/wp\/v2\/categories?post=13497"},{"taxonomy":"post_tag","embeddable":true,"href":"https:\/\/www.screamyell.com.br\/blog\/wp-json\/wp\/v2\/tags?post=13497"}],"curies":[{"name":"wp","href":"https:\/\/api.w.org\/{rel}","templated":true}]}}