{"id":13468,"date":"2014-10-31T10:59:54","date_gmt":"2014-10-31T13:59:54","guid":{"rendered":"https:\/\/screamyell.com.br\/blog\/2014\/10\/31\/prata-da-casa-novembro-de-2014\/"},"modified":"2016-03-16T11:04:37","modified_gmt":"2016-03-16T14:04:37","slug":"prata-da-casa-novembro-de-2014","status":"publish","type":"post","link":"https:\/\/www.screamyell.com.br\/blog\/2014\/10\/31\/prata-da-casa-novembro-de-2014\/","title":{"rendered":"Prata da Casa: Novembro de 2014"},"content":{"rendered":"<p style=\"text-align: center\"><img decoding=\"async\" loading=\"lazy\" src=\"https:\/\/screamyell.com.br\/blog\/wp-content\/uploads\/2014\/08\/pratadacasa1.jpg\" height=\"342\" width=\"450\" \/><\/p>\n<p>O pen\u00faltimo m\u00eas do Prata da Casa 2014 \u00e9 o m\u00eas feminino do projeto: quatro jovens cantoras deste Brasil imenso mostram seus repert\u00f3rios na choperia do Sesc Pompeia nas ter\u00e7as-feiras de novembro. Acredito ser importante fazer esse recorte, pois pelo Prata da Casa j\u00e1 passaram nomes como a C\u00e9u, Tulipa, Fabiana Cozza, Karina Buhr e Fernanda Porto, entre outras, e eu procurei por cantoras (e havia tantas outras t\u00e3o boas quanto) que pudessem dar uma continuidade a essa tradi\u00e7\u00e3o do projeto. Ser\u00e1 uma m\u00eas bastante especial. Confira a programa\u00e7\u00e3o.<\/p>\n<p><strong>PAULA TESSER (CE) &#8211; 04\/11<\/strong><br \/>\nPaula \u00e9 filha de brasileiros, mas nasceu na Fran\u00e7a. Passou os primeiros 10 anos de vida em Paris, mudou-se com a fam\u00edlia para Fortaleza, concluiu a faculdade e voltou para a capital francesa alguns anos depois. L\u00e1 gravou um disco ao vivo (\u201dRetrato do Vento\u201d, 2004), participou de outras tantas grava\u00e7\u00f5es e fez um doutorado em Sociologia sobre o Mangue Beat e Chico Science na Sorbonne. De volta a Fortaleza em 2007, n\u00e3o se distanciou da m\u00fasica, e o resultado dessa paix\u00e3o \u00e9 \u201cValha\u201d (<a href=\"http:\/\/paulatesser.bandcamp.com\/album\/valha\" target=\"_blank\">ou\u00e7a aqui<\/a>), belo disco produzido por Dustan Gallas (Cidad\u00e3o Instigado) e lan\u00e7ado em 2014, que namora a Jovem Guarda, pisca o olho para o rock nacional e encanta.<\/p>\n<p><strong>GISELE DE SANTI (RS) &#8211; 11\/11<\/strong><br \/>\nGisele \u00e9 ga\u00facha e escreveu sua primeira m\u00fasica quando tinha apenas 14 anos. Hoje, aos 29, ela j\u00e1 conta com dois \u00e1lbuns na carreira: \u201cGisele de Santi\u201d, o primeiro, foi lan\u00e7ado em 2010 e reunia can\u00e7\u00f5es que a compositora havia escrito desde a adolesc\u00eancia; mais melanc\u00f3lico e reflexivo, o belo segundo disco, \u201cVermelhos e Demais Matizes\u201d (<a href=\"http:\/\/www.giseledesanti.com.br\/\" target=\"_blank\">baixe aqui<\/a>), de 2013, foi produzido com auxilio de financiamento coletivo, conta com a participa\u00e7\u00e3o de Vitor Ramil e foi reconhecido pelo Pr\u00eamio A\u00e7orianos, que concedeu \u00e0 Gisele o t\u00edtulo de Melhor Int\u00e9rprete MPB de 2013 (ela j\u00e1 havia sido premiada nas categorias Int\u00e9rprete e Revela\u00e7\u00e3o na edi\u00e7\u00e3o de 2010).<\/p>\n<p><strong>NAT\u00c1LIA MATOS (PA) &#8211; 18\/11<\/strong><br \/>\nNat\u00e1lia \u00e9 paraense, mas passou oito anos em S\u00e3o Paulo dividindo-se entre estudos em Canto Popular na EMESP, Arquitetura no Mackenzie e rodas de choro em bares interpretando Aracy de Almeida, Adoniran e cantoras da Era do R\u00e1dio. De volta a Bel\u00e9m, integrou o premiado projeto Terru\u00e1 Par\u00e1 e come\u00e7ou a preparar o repert\u00f3rio de seu \u00e1lbum de estreia, lan\u00e7ado em 2014. Com produ\u00e7\u00e3o de Guilherme Kastrup e participa\u00e7\u00f5es de Zeca Baleiro, Rodrigo Campos, Kiko Dinucci e Felipe Cordeiro, o disco \u201cNat\u00e1lia Matos\u201d (<a href=\"https:\/\/screamyell.com.br\/site\/2014\/10\/09\/faixa-a-faixa-camila-juliana-e-natalia\/\" target=\"_blank\">ou\u00e7a aqui<\/a>) traz can\u00e7\u00f5es in\u00e9ditas de Dona Onete e Romulo Fr\u00f3es unindo a estranheza pop de S\u00e3o Paulo com o suingue irresist\u00edvel do Par\u00e1.<\/p>\n<p><strong>CAMILA GAR\u00d3FALO (SP) &#8211; 25\/11<\/strong><br \/>\nCamila nasceu em Ribeir\u00e3o Preto, interior de S\u00e3o Paulo, e mudou-se para a capital paulista quando tinha 17 anos. Na selva de concreto e pedra encontrou um cen\u00e1rio musical efervescente representado por artistas como C\u00e9U, Karina Buhr, Tulipa Ruiz, Gui Amabis e Siba, entre outros, o que a inspirou a buscar seu pr\u00f3prio espa\u00e7o. Em 2014, aos 25 anos, na companhia de Dustan Gallas (Cidad\u00e3o Instigado), Thiago Fran\u00e7a (Met\u00e1 Met\u00e1), Bruno Buarque (C\u00e9U) e Danilo Prates, ela lan\u00e7a seu disco de estreia, \u201cSombras e Sobras\u201d, mostrando oito composi\u00e7\u00f5es pr\u00f3prias, um timbre de voz forte e uma personalidade madura, que merece aten\u00e7\u00e3o.<\/p>\n<p style=\"text-align: center\"><img decoding=\"async\" src=\"https:\/\/screamyell.com.br\/blog\/wp-content\/uploads\/2014\/10\/cantoras.jpg\" \/><\/p>\n<p align=\"center\"><a href=\"https:\/\/screamyell.com.br\/blog\/category\/prata-da-casa\/\">Mais sobre o Prata da Casa<\/a><\/p>\n","protected":false},"excerpt":{"rendered":"<p>O pen\u00faltimo m\u00eas do Prata da Casa 2014 \u00e9 o m\u00eas feminino do projeto: quatro jovens cantoras deste Brasil imenso mostram seus repert\u00f3rios na choperia do Sesc Pompeia nas ter\u00e7as-feiras de novembro. Acredito ser importante fazer esse recorte, pois pelo Prata da Casa j\u00e1 passaram nomes como a C\u00e9u, Tulipa, Fabiana Cozza, Karina Buhr e [&hellip;]<\/p>\n","protected":false},"author":2,"featured_media":0,"comment_status":"open","ping_status":"open","sticky":false,"template":"","format":"standard","meta":[],"categories":[51],"tags":[],"_links":{"self":[{"href":"https:\/\/www.screamyell.com.br\/blog\/wp-json\/wp\/v2\/posts\/13468"}],"collection":[{"href":"https:\/\/www.screamyell.com.br\/blog\/wp-json\/wp\/v2\/posts"}],"about":[{"href":"https:\/\/www.screamyell.com.br\/blog\/wp-json\/wp\/v2\/types\/post"}],"author":[{"embeddable":true,"href":"https:\/\/www.screamyell.com.br\/blog\/wp-json\/wp\/v2\/users\/2"}],"replies":[{"embeddable":true,"href":"https:\/\/www.screamyell.com.br\/blog\/wp-json\/wp\/v2\/comments?post=13468"}],"version-history":[{"count":0,"href":"https:\/\/www.screamyell.com.br\/blog\/wp-json\/wp\/v2\/posts\/13468\/revisions"}],"wp:attachment":[{"href":"https:\/\/www.screamyell.com.br\/blog\/wp-json\/wp\/v2\/media?parent=13468"}],"wp:term":[{"taxonomy":"category","embeddable":true,"href":"https:\/\/www.screamyell.com.br\/blog\/wp-json\/wp\/v2\/categories?post=13468"},{"taxonomy":"post_tag","embeddable":true,"href":"https:\/\/www.screamyell.com.br\/blog\/wp-json\/wp\/v2\/tags?post=13468"}],"curies":[{"name":"wp","href":"https:\/\/api.w.org\/{rel}","templated":true}]}}