{"id":13364,"date":"2014-10-02T11:21:32","date_gmt":"2014-10-02T14:21:32","guid":{"rendered":"https:\/\/screamyell.com.br\/blog\/2014\/10\/02\/projeto-visto-o-martim-regrava-wado\/"},"modified":"2016-02-28T11:34:53","modified_gmt":"2016-02-28T14:34:53","slug":"projeto-visto-o-martim-regrava-wado","status":"publish","type":"post","link":"https:\/\/www.screamyell.com.br\/blog\/2014\/10\/02\/projeto-visto-o-martim-regrava-wado\/","title":{"rendered":"Projeto Visto: O Martim regrava Wado"},"content":{"rendered":"<p style=\"text-align: center\"><img decoding=\"async\" loading=\"lazy\" src=\"https:\/\/screamyell.com.br\/blog\/wp-content\/uploads\/2014\/10\/omartim_clipwe.jpg\" height=\"256\" width=\"450\" \/><\/p>\n<p>\u201cQuando sonhei e idealizei o Projeto Visto nunca pensei que os temas iriam emocionar tanto e ganhariam uma vida bem particular\u201d, conta Pedro Marques Pereira, do Est\u00fadio Fuga, j\u00e1 adiantando um pouco do clima presente no segundo volume da s\u00e9rie, a ser lan\u00e7ado em breve.<\/p>\n<p>O primeiro volume do Projeto Visto, reunindo quatro nomes brasileiros (Do Amor, Garotas Suecas, Los Porongas e Graveola) e dois tugas (A Armada e Vitorino Voador) foi lan\u00e7ado no Scream &amp; Yell em mar\u00e7o de 2013 e j\u00e1 soma mais de 900 downloads (se n\u00e3o baixou, <a href=\"https:\/\/screamyell.com.br\/site\/2014\/12\/14\/download-projeto-visto-2\/\" target=\"_blank\">baixe aqui<\/a>).<\/p>\n<p>O Projeto Visto 2 visa sedimentar essa troca de informa\u00e7\u00f5es musicais e j\u00e1 abrir caminho para voos maiores. Entre os escalados est\u00e3o nomes como Nevilton, Capit\u00e3o Fausto e a lisboeta Ana Cl\u00e1udia, que gravou uma bela vers\u00e3o de \u201cJo\u00e3o e o P\u00e9 de Feij\u00e3o\u201d, original de C\u00edcero Rosa Lins.<\/p>\n<p>Agora \u00e9 a vez de voc\u00ea conhecer a segunda m\u00fasica do Projeto Visto 2. \u201cRosa\u201d, uma parceria de Wado com C\u00edcero presente no disco \u201cVazio Tropical\u201d ganhou uma vers\u00e3o do m\u00fasico portugu\u00eas O Martim. O v\u00eddeo foi idealizado por Martim e pela atriz Mariana Silva e realizado por Filipe Casimiro. Assista abaixo.<\/p>\n<p><strong>A m\u00fasica portuguesa e o Scream &amp; Yell<\/strong><br \/>\nDa parceria com o jornalista lisboeta <a href=\"https:\/\/www.facebook.com\/pedro.m.salgado.5\" target=\"_blank\">Pedro Salgado<\/a>, que conta as novidades da nova m\u00fasica portuguesa para o Scream &amp; Yell desde 2010, at\u00e9 a pesquisa desenvolvida em paralelo por <a href=\"https:\/\/www.facebook.com\/noacapelas\" target=\"_blank\">Bruno Capelas<\/a>, que passou seis meses em Portugal em 2013, a m\u00fasica portuguesa ganhou espa\u00e7o definitivo no site.<\/p>\n<p>Em entrevista ao Scream &amp; Yell, o Martim contava sobre a influ\u00eancia da m\u00fasica brasileira em sua carreira.  \u201cLos Hermanos \u00e9 a minha banda preferida. Adoro Amarante e o Camelo, ali\u00e1s, estive com o Camelo h\u00e1 alguns dias, porque ele est\u00e1 gravando em Lisboa o disco novo do Wado, que conheci h\u00e1 pouco tempo e \u00e9 brutal! (<a href=\"https:\/\/screamyell.com.br\/site\/2013\/05\/27\/a-nova-cena-portuguesa-o-martim\/\" target=\"_blank\">continue lendo<\/a>)\u201d.<\/p>\n<p><strong>Leia tamb\u00e9m:<\/strong><br \/>\n&#8211; Bruno Capelas seleciona 15 Can\u00e7\u00f5es do Pop Portugu\u00eas (<a href=\"http:\/\/pergunteaopop.blogspot.com.br\/2014\/04\/arde-rock-15-cancoes-do-pop-portugues.html\" target=\"_blank\">aqui<\/a>)<\/p>\n","protected":false},"excerpt":{"rendered":"<p>\u201cQuando sonhei e idealizei o Projeto Visto nunca pensei que os temas iriam emocionar tanto e ganhariam uma vida bem particular\u201d, conta Pedro Marques Pereira, do Est\u00fadio Fuga, j\u00e1 adiantando um pouco do clima presente no segundo volume da s\u00e9rie, a ser lan\u00e7ado em breve. O primeiro volume do Projeto Visto, reunindo quatro nomes brasileiros [&hellip;]<\/p>\n","protected":false},"author":2,"featured_media":0,"comment_status":"open","ping_status":"open","sticky":false,"template":"","format":"standard","meta":[],"categories":[3],"tags":[],"_links":{"self":[{"href":"https:\/\/www.screamyell.com.br\/blog\/wp-json\/wp\/v2\/posts\/13364"}],"collection":[{"href":"https:\/\/www.screamyell.com.br\/blog\/wp-json\/wp\/v2\/posts"}],"about":[{"href":"https:\/\/www.screamyell.com.br\/blog\/wp-json\/wp\/v2\/types\/post"}],"author":[{"embeddable":true,"href":"https:\/\/www.screamyell.com.br\/blog\/wp-json\/wp\/v2\/users\/2"}],"replies":[{"embeddable":true,"href":"https:\/\/www.screamyell.com.br\/blog\/wp-json\/wp\/v2\/comments?post=13364"}],"version-history":[{"count":0,"href":"https:\/\/www.screamyell.com.br\/blog\/wp-json\/wp\/v2\/posts\/13364\/revisions"}],"wp:attachment":[{"href":"https:\/\/www.screamyell.com.br\/blog\/wp-json\/wp\/v2\/media?parent=13364"}],"wp:term":[{"taxonomy":"category","embeddable":true,"href":"https:\/\/www.screamyell.com.br\/blog\/wp-json\/wp\/v2\/categories?post=13364"},{"taxonomy":"post_tag","embeddable":true,"href":"https:\/\/www.screamyell.com.br\/blog\/wp-json\/wp\/v2\/tags?post=13364"}],"curies":[{"name":"wp","href":"https:\/\/api.w.org\/{rel}","templated":true}]}}