{"id":13336,"date":"2015-02-18T09:46:41","date_gmt":"2015-02-18T12:46:41","guid":{"rendered":"https:\/\/screamyell.com.br\/blog\/2015\/02\/18\/ida-ou-agata-trzebuchowska-23-anos\/"},"modified":"2016-02-18T09:49:00","modified_gmt":"2016-02-18T12:49:00","slug":"ida-ou-agata-trzebuchowska-23-anos","status":"publish","type":"post","link":"https:\/\/www.screamyell.com.br\/blog\/2015\/02\/18\/ida-ou-agata-trzebuchowska-23-anos\/","title":{"rendered":"Ida. Ou Agata Trzebuchowska, 23 anos"},"content":{"rendered":"<p style=\"text-align: center\"><img decoding=\"async\" loading=\"lazy\" src=\"https:\/\/screamyell.com.br\/blog\/wp-content\/uploads\/2015\/02\/agata2.jpg\" height=\"344\" width=\"450\" \/><\/p>\n<p><em>\u201cN\u00e3o fiz nenhuma audi\u00e7\u00e3o para o papel. Eu estava em uma cafeteria em Vars\u00f3via, e uma diretora, amiga do Pawel (diretor de \u201c<a href=\"https:\/\/screamyell.com.br\/site\/2015\/02\/15\/tres-filmes-tangerines-leviata-ida\/\" target=\"_blank\">Ida<\/a>\u201d), me viu e fez uma foto. Pawel me ligou depois, conversamos e ele pediu para que eu fizesse um teste de tela. As coisas come\u00e7aram assim. Eu estava um pouco com medo, n\u00e3o vou negar. Pawel me pediu que eu fosse natural. Ele sabia que n\u00e3o estava trabalhando com uma atriz profissional e tinha no\u00e7\u00e3o das consequ\u00eancias disso. N\u00e3o estou segura de seguir a carreira de atriz. As vezes acho que esse mundo n\u00e3o \u00e9 pra mim. Tive que parar meus estudos por um tempo. Fa\u00e7o especializa\u00e7\u00e3o em Antropologia Cultural na Faculdade de Ci\u00eancias Humanas de Vars\u00f3via\u201d.<\/em><\/p>\n<p>Leia a entrevista do jornal argentino La Nacion na integra <a href=\"http:\/\/www.lanacion.com.ar\/1757270-agata-trzebuchowska-jamas-pense-en-ser-la-protagonista-de-una-pelicula\" target=\"_blank\">aqui<\/a><\/p>\n<p style=\"text-align: center\"><img decoding=\"async\" loading=\"lazy\" src=\"https:\/\/screamyell.com.br\/blog\/wp-content\/uploads\/2015\/02\/agata1.jpg\" height=\"344\" width=\"450\" \/><\/p>\n","protected":false},"excerpt":{"rendered":"<p>\u201cN\u00e3o fiz nenhuma audi\u00e7\u00e3o para o papel. Eu estava em uma cafeteria em Vars\u00f3via, e uma diretora, amiga do Pawel (diretor de \u201cIda\u201d), me viu e fez uma foto. Pawel me ligou depois, conversamos e ele pediu para que eu fizesse um teste de tela. As coisas come\u00e7aram assim. Eu estava um pouco com medo, [&hellip;]<\/p>\n","protected":false},"author":2,"featured_media":0,"comment_status":"open","ping_status":"open","sticky":false,"template":"","format":"standard","meta":[],"categories":[4],"tags":[],"_links":{"self":[{"href":"https:\/\/www.screamyell.com.br\/blog\/wp-json\/wp\/v2\/posts\/13336"}],"collection":[{"href":"https:\/\/www.screamyell.com.br\/blog\/wp-json\/wp\/v2\/posts"}],"about":[{"href":"https:\/\/www.screamyell.com.br\/blog\/wp-json\/wp\/v2\/types\/post"}],"author":[{"embeddable":true,"href":"https:\/\/www.screamyell.com.br\/blog\/wp-json\/wp\/v2\/users\/2"}],"replies":[{"embeddable":true,"href":"https:\/\/www.screamyell.com.br\/blog\/wp-json\/wp\/v2\/comments?post=13336"}],"version-history":[{"count":0,"href":"https:\/\/www.screamyell.com.br\/blog\/wp-json\/wp\/v2\/posts\/13336\/revisions"}],"wp:attachment":[{"href":"https:\/\/www.screamyell.com.br\/blog\/wp-json\/wp\/v2\/media?parent=13336"}],"wp:term":[{"taxonomy":"category","embeddable":true,"href":"https:\/\/www.screamyell.com.br\/blog\/wp-json\/wp\/v2\/categories?post=13336"},{"taxonomy":"post_tag","embeddable":true,"href":"https:\/\/www.screamyell.com.br\/blog\/wp-json\/wp\/v2\/tags?post=13336"}],"curies":[{"name":"wp","href":"https:\/\/api.w.org\/{rel}","templated":true}]}}