{"id":13330,"date":"2015-02-21T08:22:59","date_gmt":"2015-02-21T11:22:59","guid":{"rendered":"https:\/\/screamyell.com.br\/blog\/2015\/02\/21\/historias-de-viagem-raconteurs-em-2008\/"},"modified":"2024-05-29T23:53:46","modified_gmt":"2024-05-30T02:53:46","slug":"historias-de-viagem-raconteurs-em-2008","status":"publish","type":"post","link":"https:\/\/www.screamyell.com.br\/blog\/2015\/02\/21\/historias-de-viagem-raconteurs-em-2008\/","title":{"rendered":"Hist\u00f3rias de viagem: Raconteurs em 2008"},"content":{"rendered":"<p style=\"text-align: center;\"><img decoding=\"async\" src=\"https:\/\/screamyell.com.br\/blog\/wp-content\/uploads\/2015\/02\/raconteurs4.jpg\" alt=\"raconteurs4.jpg\"\/><\/p>\n<p style=\"text-align: center;\"><em>Fotos por Marcelo Costa<\/em><\/p>\n<p>Minha primeira viagem para a Europa foi em 2008, e para acalmar o desejo guardado por tantos anos preparei <a href=\"\/\/screamyell.com.br\/blog\/category\/turismo\/europa-2008\/\" target=\"_blank\" rel=\"noopener\">um roteiro absurdo de 40 dias de viagem<\/a> passando por nada menos que seis pa\u00edses sempre atr\u00e1s de shows e festivais. Na \u00e9poca dividi o roteiro de modo direto: eu iria enlouquecer em festivais nos primeiros 20 dias e puxar o freio nos 20 dias seguintes. E o Festival Internacional de Benic\u00e0ssim foi exatamente o ponto de mudan\u00e7a no roteiro.<\/p>\n<p style=\"text-align: center;\"><img decoding=\"async\" src=\"https:\/\/screamyell.com.br\/blog\/wp-content\/uploads\/2015\/02\/raconteurs2.jpg\" alt=\"raconteurs2.jpg\"\/><\/p>\n<p>Em tr\u00eas semanas de viagem eu encarava o terceiro festival seguido: comecei no excelente Rock Werchter, na B\u00e9lgica (que eu voltaria dois anos depois), parti na segunda semana para a Esc\u00f3cia para pegar o mastod\u00f4ntico T In The Park (parando em Berlim pra ver Radiohead), que me cansou tanto que cheguei a dormir coisa de duas horas entre um show e outro numa tenda e, dali, partir para a Espanha e para o Benic\u00e0ssim.<\/p>\n<p style=\"text-align: center;\"><img decoding=\"async\" src=\"https:\/\/screamyell.com.br\/blog\/wp-content\/uploads\/2015\/02\/raconteurs3.jpg\" alt=\"raconteurs3.jpg\"\/><\/p>\n<p>Para n\u00e3o esquecer: descendo a escada do avi\u00e3o em Girona vindo de Glasgow, a escocesa atr\u00e1s de mim abriu um sorriso e mandou um sonoro \u201cI Love You, Spain\u201d para comemorar o maravilhoso sol que nos recebia. E foi debaixo de um sol de deserto que cheguei ao festival para pegar minha pulseira, beber como \u00e1gua um copo de um litro de Heineken, e come\u00e7ar a procurar pelos amigos hospedados no vilarejo (fiquei na cidade vizinha, Castelon, que tamb\u00e9m me abrigou quando voltei ao festival alguns anos depois).<\/p>\n<p style=\"text-align: center;\"><img decoding=\"async\" src=\"https:\/\/screamyell.com.br\/blog\/wp-content\/uploads\/2015\/02\/raconteurs5.jpg\" alt=\"raconteurs5.jpg\"\/><\/p>\n<p>Depois de troca-los por Grinderman, na B\u00e9lgica, e por The Pogues, na Esc\u00f3cia, finalmente me vi frente a frente com o Raconteurs, e foi um daqueles shows de lavar a alma, mas s\u00f3 em alguns momentos. Jack White conseguiu montar uma banda de garagem com todos os clich\u00eas do g\u00eanero (para o bem e para o mal), e isso fez com o show alternasse muito o clima, com longos improvisos e jams que validam o momento, e que vez em quando desembocavam em momentos matadores, como a vers\u00e3o de \u201cSteady, As She Goes\u201d do v\u00eddeo.<\/p>\n<p style=\"text-align: center;\"><img decoding=\"async\" src=\"https:\/\/screamyell.com.br\/blog\/wp-content\/uploads\/2015\/02\/raconteurs1.jpg\" alt=\"raconteurs1.jpg\"\/><\/p>\n<p>Na \u00e9poca escrevi: \u201cNenhuma m\u00fasica surge tal qual foi gravada em \u00e1lbum. Eles recriam tudo, e em v\u00e1rias passagens se superam, mas n\u00e3o \u00e9 \u201co\u201d show. S\u00e3o apenas quatro bons m\u00fasicos declarando paix\u00e3o e devo\u00e7\u00e3o pelo barulho. \u201cMany Shades of Black\u201d, com Brendan Benson comandando, foi um dos grandes momentos, mas muita coisa boa do primeiro disco foi preterida em favor de faixas medianas do segundo\u201d. Bem, hoje amaria ver esse show novamente (com todas as m\u00fasicas do segundo disco)\u2026 Uma baita lembran\u00e7a boa.<\/p>\n<p><iframe loading=\"lazy\" title=\"The Raconteurs - Consolers of the Lonely (Live Benic\u00e0ssim 2008)\" width=\"500\" height=\"375\" src=\"https:\/\/www.youtube.com\/embed\/SKdFc7TDAPc?feature=oembed\" frameborder=\"0\" allow=\"accelerometer; autoplay; clipboard-write; encrypted-media; gyroscope; picture-in-picture; web-share\" referrerpolicy=\"strict-origin-when-cross-origin\" allowfullscreen><\/iframe><\/p>\n<p><iframe loading=\"lazy\" title=\"The Raconteurs &#039;Steady As She Goes&#039; Benicassim 2008 \" width=\"500\" height=\"375\" src=\"https:\/\/www.youtube.com\/embed\/mrGVs-emons?feature=oembed\" frameborder=\"0\" allow=\"accelerometer; autoplay; clipboard-write; encrypted-media; gyroscope; picture-in-picture; web-share\" referrerpolicy=\"strict-origin-when-cross-origin\" allowfullscreen><\/iframe><\/p>\n<p><iframe loading=\"lazy\" title=\"The Raconteurs -  You Don&#039;t Understand Me (Live Benic\u00e0ssim)\" width=\"500\" height=\"281\" src=\"https:\/\/www.youtube.com\/embed\/GaxU0qRDoa0?feature=oembed\" frameborder=\"0\" allow=\"accelerometer; autoplay; clipboard-write; encrypted-media; gyroscope; picture-in-picture; web-share\" referrerpolicy=\"strict-origin-when-cross-origin\" allowfullscreen><\/iframe><\/p>\n<p><iframe loading=\"lazy\" title=\"The Raconteurs - Hold On (Live Benic\u00e0ssim 2008)\" width=\"500\" height=\"281\" src=\"https:\/\/www.youtube.com\/embed\/mE83SEDuiAk?feature=oembed\" frameborder=\"0\" allow=\"accelerometer; autoplay; clipboard-write; encrypted-media; gyroscope; picture-in-picture; web-share\" referrerpolicy=\"strict-origin-when-cross-origin\" allowfullscreen><\/iframe><\/p>\n<p><strong>Leia tamb\u00e9m:<\/strong><br \/>\nHist\u00f3rias de viagem: D\u2019akujem (<a href=\"https:\/\/screamyell.com.br\/blog\/2012\/02\/23\/historias-de-viagem-dakujem\/\">aqui<\/a>)<br \/>\nHist\u00f3rias de viagem: Um hotel em Paris e Cherry Coke (<a href=\"https:\/\/screamyell.com.br\/blog\/2012\/04\/15\/historias-de-viagem-um-hotel-e-cherry-coke\/\">aqui<\/a>)<br \/>\nHist\u00f3rias de viagem: Resum\u00e3o de ideias confusas da viagem 2008 (<a href=\"https:\/\/screamyell.com.br\/blog\/2008\/08\/10\/resumao-de-ideias-confusas\/\">aqui<\/a>)<\/p>\n","protected":false},"excerpt":{"rendered":"<p>Fotos por Marcelo Costa Minha primeira viagem para a Europa foi em 2008, e para acalmar o desejo guardado por tantos anos preparei um roteiro absurdo de 40 dias de viagem passando por nada menos que seis pa\u00edses sempre atr\u00e1s de shows e festivais. Na \u00e9poca dividi o roteiro de modo direto: eu iria enlouquecer [&hellip;]<\/p>\n","protected":false},"author":2,"featured_media":0,"comment_status":"open","ping_status":"open","sticky":false,"template":"","format":"standard","meta":[],"categories":[3,22],"tags":[74],"_links":{"self":[{"href":"https:\/\/www.screamyell.com.br\/blog\/wp-json\/wp\/v2\/posts\/13330"}],"collection":[{"href":"https:\/\/www.screamyell.com.br\/blog\/wp-json\/wp\/v2\/posts"}],"about":[{"href":"https:\/\/www.screamyell.com.br\/blog\/wp-json\/wp\/v2\/types\/post"}],"author":[{"embeddable":true,"href":"https:\/\/www.screamyell.com.br\/blog\/wp-json\/wp\/v2\/users\/2"}],"replies":[{"embeddable":true,"href":"https:\/\/www.screamyell.com.br\/blog\/wp-json\/wp\/v2\/comments?post=13330"}],"version-history":[{"count":3,"href":"https:\/\/www.screamyell.com.br\/blog\/wp-json\/wp\/v2\/posts\/13330\/revisions"}],"predecessor-version":[{"id":19552,"href":"https:\/\/www.screamyell.com.br\/blog\/wp-json\/wp\/v2\/posts\/13330\/revisions\/19552"}],"wp:attachment":[{"href":"https:\/\/www.screamyell.com.br\/blog\/wp-json\/wp\/v2\/media?parent=13330"}],"wp:term":[{"taxonomy":"category","embeddable":true,"href":"https:\/\/www.screamyell.com.br\/blog\/wp-json\/wp\/v2\/categories?post=13330"},{"taxonomy":"post_tag","embeddable":true,"href":"https:\/\/www.screamyell.com.br\/blog\/wp-json\/wp\/v2\/tags?post=13330"}],"curies":[{"name":"wp","href":"https:\/\/api.w.org\/{rel}","templated":true}]}}