{"id":13320,"date":"2015-07-11T08:32:53","date_gmt":"2015-07-11T11:32:53","guid":{"rendered":"https:\/\/screamyell.com.br\/blog\/2015\/07\/11\/historias-de-viagem-maria-e-bruges\/"},"modified":"2016-08-11T11:05:19","modified_gmt":"2016-08-11T14:05:19","slug":"historias-de-viagem-maria-e-bruges","status":"publish","type":"post","link":"https:\/\/www.screamyell.com.br\/blog\/2015\/07\/11\/historias-de-viagem-maria-e-bruges\/","title":{"rendered":"Hist\u00f3rias de viagem: Maria e Bruges"},"content":{"rendered":"<p style=\"text-align: center\"><img decoding=\"async\" loading=\"lazy\" src=\"https:\/\/screamyell.com.br\/blog\/wp-content\/uploads\/2015\/07\/maria44.jpg\" height=\"338\" width=\"450\" \/><\/p>\n<p><em>Em 2009, na hora de montar o <\/em><a href=\"https:\/\/screamyell.com.br\/blog\/category\/turismo\/europa-2009\/\" target=\"_blank\">roteiro da viagem<\/a><em>, decidi incluir Bruges n\u00e3o s\u00f3 por ser uma cidade m\u00edtica, mas tamb\u00e9m porque naquele fim de semana escolhido haveria uma edi\u00e7\u00e3o do festival local <\/em><a href=\"https:\/\/screamyell.com.br\/blog\/tag\/cactus\" target=\"_blank\">Cactus<\/a><em> com Paul Weller, Mark Lanegan, Greg Dulli, Calexico e muito mais no line-up. O festival acontece no parque central da cidade, o Minnewater, e na hora de buscar uma hospedagem escolhi uma que ficava exatamente ao lado do parque. <\/em><\/p>\n<p><em>Assim que entramos na rua descrita na confirma\u00e7\u00e3o do Hostel World e, conforme fomos chegando pr\u00f3ximo ao n\u00famero, achamos estranho n\u00e3o existir placa ou alguma informa\u00e7\u00e3o. Inocentemente, achei que havia reservado um hostel quando, na verdade, tinha reservado um quarto em uma casa (Bed &amp; Breakfest). Fomos e voltamos na rua e decidimos apertar a campainha. Quem nos recebeu entusiasmadamente foi a Maria, uma pessoa muito querida.<\/em><\/p>\n<p style=\"text-align: center\"><img decoding=\"async\" src=\"https:\/\/screamyell.com.br\/blog\/wp-content\/uploads\/2015\/07\/maria2.jpg\" alt=\"maria2.jpg\" style=\"font-size: 1em; line-height: 1.3em\" \/><\/p>\n<p><em>Assim que entramos, Maria se apresentou e, sabendo que \u00e9ramos brasileiros pela ficha de confirma\u00e7\u00e3o da reserva, come\u00e7ou a conversar numa mistura de l\u00ednguas e sotaques. Ela \u00e9 uma nona italiana, mas que come\u00e7a falando em ingl\u00eas, no meio da frase emenda italiano e termina com coisas em espanhol, holand\u00eas ou todo junto e at\u00e9 \u2026 portugu\u00eas, poucas palavras, mas falava, nos dizendo que a filha havia casado com um brasileiro (pode ser o inverso, minha mem\u00f3ria anda falhando). Sinceramente: era enternecedor.<\/em><\/p>\n<p><em>Maria nos mostrou o quarto que iriamos ficar nos alertando: a janela dava para o parque e, neste fim de semana, \u201cir\u00e1 acontecer um festival de rock ali\u201d, ou seja, haveria barulho. Ela se acalmou assim que contei que t\u00ednhamos tickets para o festival e, ent\u00e3o, perguntou se eu tinha um mapa da cidade (havia comprado um assim que desci do trem). Mapa na m\u00e3o, ela come\u00e7ou a indicar os lugares legais para comermos, bebermos e visitarmos, no melhor esquema: \u201cFoge daqui, \u00e9 coisa pra turista\u201d; \u201cQuer comer uma boa comida feita com cerveja? V\u00e1 aqui\u201d; \u201cAluguem bikes aqui\u201d; e por ai em diante.<\/em><\/p>\n<p style=\"text-align: center\"><img decoding=\"async\" src=\"https:\/\/screamyell.com.br\/blog\/wp-content\/uploads\/2015\/07\/maria1.jpg\" alt=\"maria1.jpg\" style=\"font-size: 1em; line-height: 1.3em\" \/><\/p>\n<p><em>Em um pequeno papel, ela escreveu um recado que funcionava como um vale desconto para passearmos em barcos pelos canais da cidade. Era s\u00f3 apresentar e obter o desconto com o barqueiro. Neste caf\u00e9 da manh\u00e3 da foto, ela nos repreendeu: \u201cVoc\u00eas n\u00e3o comeram nada! Nem tocaram no queijo brie!\u201d (risos) Dormimos apenas duas noites em Bruges, e foi extremamente confort\u00e1vel pela maneira como Maria nos recebeu. O quarto que ficamos era de uma de suas filhas, que estava aproveitando o ver\u00e3o europeu e as f\u00e9rias para viajar, deixando-o vago para algu\u00e9m que quisesse visitar a cidade. Foi bastante \u00fatil para n\u00f3s\u2026 e especial.<\/em><\/p>\n<p style=\"text-align: center\"><img decoding=\"async\" src=\"https:\/\/screamyell.com.br\/blog\/wp-content\/uploads\/2015\/07\/maria33.jpg\" alt=\"maria33.jpg\" style=\"font-size: 1em; line-height: 1.3em\" \/><\/p>\n<p><strong>Leia tamb\u00e9m:<\/strong><br \/>\n&#8211; Hist\u00f3rias de viagem: D\u2019akujem (<a href=\"https:\/\/screamyell.com.br\/blog\/2012\/02\/23\/historias-de-viagem-dakujem\/\">aqui<\/a>)<br \/>\n&#8211; Hist\u00f3rias de viagem: Raconteurs em 2008 (<a href=\"https:\/\/screamyell.com.br\/blog\/2015\/02\/21\/lembrancas-de-viagem-raconteurs-em-2008\/\">aqui<\/a>)<br \/>\n&#8211; Hist\u00f3rias de viagem: Crian\u00e7as no Louvre (<a href=\"https:\/\/screamyell.com.br\/blog\/2009\/09\/19\/uma-foto-de-viagem-e-uma-historia\/\">aqui<\/a>)<br \/>\n&#8211; Hist\u00f3rias de viagem: Um hotel em Paris e Cherry Coke (<a href=\"https:\/\/screamyell.com.br\/blog\/2012\/04\/15\/historias-de-viagem--um-hotel-e-cherry-coke\/\">aqui<\/a>)<br \/>\n&#8211; Dois dias no Cactus Festival 2009, em Bruges (<a href=\"https:\/\/screamyell.com.br\/blog\/tag\/cactus\">aqui<\/a>)<\/p>\n","protected":false},"excerpt":{"rendered":"<p>Em 2009, na hora de montar o roteiro da viagem, decidi incluir Bruges n\u00e3o s\u00f3 por ser uma cidade m\u00edtica, mas tamb\u00e9m porque naquele fim de semana escolhido haveria uma edi\u00e7\u00e3o do festival local Cactus com Paul Weller, Mark Lanegan, Greg Dulli, Calexico e muito mais no line-up. O festival acontece no parque central da [&hellip;]<\/p>\n","protected":false},"author":2,"featured_media":0,"comment_status":"open","ping_status":"open","sticky":false,"template":"","format":"standard","meta":[],"categories":[22],"tags":[74],"_links":{"self":[{"href":"https:\/\/www.screamyell.com.br\/blog\/wp-json\/wp\/v2\/posts\/13320"}],"collection":[{"href":"https:\/\/www.screamyell.com.br\/blog\/wp-json\/wp\/v2\/posts"}],"about":[{"href":"https:\/\/www.screamyell.com.br\/blog\/wp-json\/wp\/v2\/types\/post"}],"author":[{"embeddable":true,"href":"https:\/\/www.screamyell.com.br\/blog\/wp-json\/wp\/v2\/users\/2"}],"replies":[{"embeddable":true,"href":"https:\/\/www.screamyell.com.br\/blog\/wp-json\/wp\/v2\/comments?post=13320"}],"version-history":[{"count":1,"href":"https:\/\/www.screamyell.com.br\/blog\/wp-json\/wp\/v2\/posts\/13320\/revisions"}],"predecessor-version":[{"id":14258,"href":"https:\/\/www.screamyell.com.br\/blog\/wp-json\/wp\/v2\/posts\/13320\/revisions\/14258"}],"wp:attachment":[{"href":"https:\/\/www.screamyell.com.br\/blog\/wp-json\/wp\/v2\/media?parent=13320"}],"wp:term":[{"taxonomy":"category","embeddable":true,"href":"https:\/\/www.screamyell.com.br\/blog\/wp-json\/wp\/v2\/categories?post=13320"},{"taxonomy":"post_tag","embeddable":true,"href":"https:\/\/www.screamyell.com.br\/blog\/wp-json\/wp\/v2\/tags?post=13320"}],"curies":[{"name":"wp","href":"https:\/\/api.w.org\/{rel}","templated":true}]}}