{"id":13325,"date":"2015-05-26T08:47:16","date_gmt":"2015-05-26T11:47:16","guid":{"rendered":"https:\/\/screamyell.com.br\/blog\/2015\/05\/26\/na-gazeta-do-povo-primavera-sound\/"},"modified":"2016-07-18T08:36:36","modified_gmt":"2016-07-18T11:36:36","slug":"na-gazeta-do-povo-primavera-sound","status":"publish","type":"post","link":"http:\/\/www.screamyell.com.br\/blog\/2015\/05\/26\/na-gazeta-do-povo-primavera-sound\/","title":{"rendered":"Na Gazeta do Povo: Primavera Sound"},"content":{"rendered":"<p style=\"text-align: center\"><em>Clique na imagem para ler a reportagem na integra<\/em><\/p>\n<p style=\"text-align: center\">&nbsp;<\/p>\n<p style=\"text-align: center\"><a href=\"http:\/\/www.gazetadopovo.com.br\/caderno-g\/festival-de-musica-arrebatador-reune-mais-de-200-artistas-evtlx43xi6zd3kchmblclxbw6\" target=\"_blank\"><img decoding=\"async\" loading=\"lazy\" src=\"https:\/\/screamyell.com.br\/blog\/wp-content\/uploads\/2015\/05\/primavera1.jpg\" height=\"503\" width=\"450\" \/><\/a><\/p>\n<p style=\"text-align: center\">&nbsp;<\/p>\n<p style=\"text-align: center\"><strong>Leia tamb\u00e9m:<\/strong><br \/>\n&#8211; Entrevista: Alberto Guijarro, diretor do Primavera Sound (<a href=\"https:\/\/screamyell.com.br\/site\/2012\/02\/29\/entrevista-alberto-guijarro-primavera-sound\/\">aqui<\/a>)<br \/>\n&#8211; Balan\u00e7o do Primavera Sound 2010, por Marcelo Costa (<a href=\"https:\/\/screamyell.com.br\/blog\/tag\/primavera2010\">aqui<\/a>)<br \/>\n&#8211; Balan\u00e7o do Primavera Sound 2011, por Marcelo Costa (<a href=\"https:\/\/screamyell.com.br\/blog\/tag\/primavera2011\">aqui<\/a>)<br \/>\n&#8211; Balan\u00e7o do Primavera Sound 2012, por Marcelo Costa (<a href=\"https:\/\/screamyell.com.br\/blog\/tag\/primavera2012\">aqui<\/a>)<\/p>\n","protected":false},"excerpt":{"rendered":"<p>Clique na imagem para ler a reportagem na integra &nbsp; &nbsp; Leia tamb\u00e9m: &#8211; Entrevista: Alberto Guijarro, diretor do Primavera Sound (aqui) &#8211; Balan\u00e7o do Primavera Sound 2010, por Marcelo Costa (aqui) &#8211; Balan\u00e7o do Primavera Sound 2011, por Marcelo Costa (aqui) &#8211; Balan\u00e7o do Primavera Sound 2012, por Marcelo Costa (aqui)<\/p>\n","protected":false},"author":2,"featured_media":0,"comment_status":"open","ping_status":"open","sticky":false,"template":"","format":"standard","meta":[],"categories":[3],"tags":[61],"_links":{"self":[{"href":"http:\/\/www.screamyell.com.br\/blog\/wp-json\/wp\/v2\/posts\/13325"}],"collection":[{"href":"http:\/\/www.screamyell.com.br\/blog\/wp-json\/wp\/v2\/posts"}],"about":[{"href":"http:\/\/www.screamyell.com.br\/blog\/wp-json\/wp\/v2\/types\/post"}],"author":[{"embeddable":true,"href":"http:\/\/www.screamyell.com.br\/blog\/wp-json\/wp\/v2\/users\/2"}],"replies":[{"embeddable":true,"href":"http:\/\/www.screamyell.com.br\/blog\/wp-json\/wp\/v2\/comments?post=13325"}],"version-history":[{"count":1,"href":"http:\/\/www.screamyell.com.br\/blog\/wp-json\/wp\/v2\/posts\/13325\/revisions"}],"predecessor-version":[{"id":13829,"href":"http:\/\/www.screamyell.com.br\/blog\/wp-json\/wp\/v2\/posts\/13325\/revisions\/13829"}],"wp:attachment":[{"href":"http:\/\/www.screamyell.com.br\/blog\/wp-json\/wp\/v2\/media?parent=13325"}],"wp:term":[{"taxonomy":"category","embeddable":true,"href":"http:\/\/www.screamyell.com.br\/blog\/wp-json\/wp\/v2\/categories?post=13325"},{"taxonomy":"post_tag","embeddable":true,"href":"http:\/\/www.screamyell.com.br\/blog\/wp-json\/wp\/v2\/tags?post=13325"}],"curies":[{"name":"wp","href":"https:\/\/api.w.org\/{rel}","templated":true}]}}